{"id":6072,"date":"2014-02-28T15:05:02","date_gmt":"2014-02-28T15:05:02","guid":{"rendered":"\/blog\/?p=6072"},"modified":"2019-06-18T16:24:58","modified_gmt":"2019-06-18T15:24:58","slug":"feedback-friday-schnipp-schnapp-krawatte-ab-was-bedruckte-krawatten-mit-weiberfastnacht-zu-tun-haben","status":"publish","type":"post","link":"https:\/\/www.originellefotogeschenke.de\/blog\/feedback-friday-schnipp-schnapp-krawatte-ab-was-bedruckte-krawatten-mit-weiberfastnacht-zu-tun-haben\/","title":{"rendered":"Feedback Friday &#8211; Schnipp Schnapp &#8211; Krawatte ab!"},"content":{"rendered":"<h3><strong>Was w\u00e4re wenn&#8230;<\/strong><\/h3>\n<h3><strong>Wir nicht immer so tolles Feedback von unseren Kunden erhalten w\u00fcrden?<\/strong><\/h3>\n<blockquote><p><em>Liebes Team von den <strong>Originellen Fotogeschenke<\/strong>,<\/em><\/p>\n<p><em>ich m\u00f6chte mich ganz herzlich f\u00fcr die <strong>prompte Lieferung<\/strong> bedanken. Insbesondere hat mich gefreut, dass die Umsetzung unsere <strong>Erwartungen deutlich \u00fcbertroffen<\/strong> haben: die Aufl\u00f6sung der Vorschau war nicht so besonders, deshalb hatten wir unsere Erwartungen eher nach unten geschraubt \u2013 au\u00dferdem war uns nicht klar, <strong>ob wirklich die <a title=\"ganze Krawatte bedruckt\" href=\"https:\/\/www.originellefotogeschenke.de\/produkte\/foto-krawatte.aspx\" target=\"_blank\" rel=\"noopener noreferrer\">ganze Krawatte bedruckt <\/a>wird<\/strong> und \u201ewie das \u00fcberhaupt funktionieren soll\u201c.<\/em><\/p>\n<p><em>Umso erfreulich war dann das Ergebnis, das einen <strong>durchweg durchdachten Eindruck macht (beidseitig bedruckt, bzw. eingeschlagen, am oberen Ende gedreht)<\/strong> und qualitativ deutlich \u00fcber dem liegt, was wir erwartet haben. Ich werde Sie deswegen tats\u00e4chlich auch <strong>gerne weiterempfehlen.<\/strong><\/em><\/p>\n<p style=\"text-align: center;\"><a href=\"https:\/\/www.originellefotogeschenke.de\/produkte\/foto-krawatte.aspx\"><img loading=\"lazy\" class=\"aligncenter wp-image-6078\" style=\"border: 0px;\" src=\"\/blog\/wp-content\/uploads\/2014\/02\/tie-montage-600x600.jpg\" alt=\"Bedruckte Krawatte mit Fotodesign\" width=\"537\" height=\"537\" srcset=\"https:\/\/www.originellefotogeschenke.de\/blog\/wp-content\/uploads\/2014\/02\/tie-montage-600x600.jpg 600w, https:\/\/www.originellefotogeschenke.de\/blog\/wp-content\/uploads\/2014\/02\/tie-montage-150x150.jpg 150w, https:\/\/www.originellefotogeschenke.de\/blog\/wp-content\/uploads\/2014\/02\/tie-montage-300x300.jpg 300w, https:\/\/www.originellefotogeschenke.de\/blog\/wp-content\/uploads\/2014\/02\/tie-montage.jpg 2000w\" sizes=\"(max-width: 537px) 100vw, 537px\" \/><\/a><\/p>\n<h3><\/h3>\n<\/blockquote>\n<h3><strong>Was w\u00e4re wenn&#8230;<\/strong><\/h3>\n<h3><strong>Unsere Firma nicht in London, sondern im wundersch\u00f6nen Rheinland w\u00e4re?<\/strong><\/h3>\n<p>Nun ja, wir h\u00e4tten an Weiberfastnacht sicher weniger gearbeitet und mehr gefeiert, davon ist auszugehen.<\/p>\n<p>(Denn der Donnerstag ist der offizielle Beginn der n\u00e4rrischen Tage, mit der Weiberfastnacht beginnt die wilde Faschingszeit, insbesondere ber\u00fchmt &#8211; ber\u00fcchtigt in den Karnevalshochburgen K\u00f6ln, D\u00fcsseldorf und Mainz.)<\/p>\n<h3><strong>Was w\u00e4re wenn&#8230;<\/strong><\/h3>\n<h3><strong>alle unsere Kollegen aus Spanien, Italien, England, Frankreich,Polen und vielen anderen L\u00e4ndern von dem Brauch mit dem Krawatte &#8211; Abschneiden gewusst h\u00e4tten?<\/strong><\/h3>\n<p><a href=\"https:\/\/www.originellefotogeschenke.de\/produkte\/foto-krawatte.aspx\"><img loading=\"lazy\" class=\"alignright size-medium wp-image-6083\" src=\"\/blog\/wp-content\/uploads\/2014\/02\/tie-ab-225x300.jpg\" alt=\"Schnipp Schnapp Krawatte ab - Fotokrawatte \" width=\"225\" height=\"300\" srcset=\"https:\/\/www.originellefotogeschenke.de\/blog\/wp-content\/uploads\/2014\/02\/tie-ab-225x300.jpg 225w, https:\/\/www.originellefotogeschenke.de\/blog\/wp-content\/uploads\/2014\/02\/tie-ab-450x600.jpg 450w, https:\/\/www.originellefotogeschenke.de\/blog\/wp-content\/uploads\/2014\/02\/tie-ab.jpg 720w\" sizes=\"(max-width: 225px) 100vw, 225px\" \/><\/a>Nun ja, manche w\u00fcrden ihre Krawatte noch an einem St\u00fcck haben und nicht in zwei Teilen :).<\/p>\n<p>( Tja, so ist nun mal der Brauch &#8211; an Weiberfastnacht wird M\u00e4nnern <strong>die Krawatte als Symbol der m\u00e4nnlichen Macht<\/strong> abgeschnitten. Es ist nur die Krawatte, Jungs, NUR die Krawatte&#8230; Aber so schlimm kann das dann auch gar nicht sein f\u00fcr M\u00e4nner, den wenn sie so mit ihrem Krawattenstumpf herumlaufen, erhalten sie von Frauen immer mal wieder K\u00fcsschen auf die Wange als Entsch\u00e4digung.<br \/>\nAlso &#8211; stellt euch nicht so an, M\u00e4nner!<\/p>\n<p><strong>Wie gesagt, eine neue Krawatte k\u00f6nnt ihr euch einfach selber gestalten!<\/strong>)<\/p>\n<p>&nbsp;<\/p>\n<p>&nbsp;<\/p>\n","protected":false},"excerpt":{"rendered":"<p>Was w\u00e4re wenn&#8230; Wir nicht immer so tolles Feedback von unseren Kunden erhalten w\u00fcrden? Liebes Team von den Originellen Fotogeschenke, ich m\u00f6chte mich ganz herzlich f\u00fcr die prompte Lieferung bedanken. Insbesondere hat mich gefreut, dass die Umsetzung unsere Erwartungen deutlich \u00fcbertroffen haben: die Aufl\u00f6sung der Vorschau war nicht so besonders, deshalb hatten wir unsere Erwartungen [&hellip;]<\/p>\n","protected":false},"author":1,"featured_media":0,"comment_status":"open","ping_status":"open","sticky":false,"template":"","format":"standard","meta":{"_yoast_wpseo_title":"","_yoast_wpseo_metadesc":""},"categories":[1],"tags":[],"yoast_head":"<!-- This site is optimized with the Yoast SEO plugin v16.7 - https:\/\/yoast.com\/wordpress\/plugins\/seo\/ -->\n<title>Feedback Friday - Schnipp Schnapp - Krawatte ab! - Fotogeschenke Blog<\/title>\n<meta name=\"robots\" content=\"index, follow, max-snippet:-1, max-image-preview:large, max-video-preview:-1\" \/>\n<link rel=\"canonical\" href=\"https:\/\/www.originellefotogeschenke.de\/blog\/feedback-friday-schnipp-schnapp-krawatte-ab-was-bedruckte-krawatten-mit-weiberfastnacht-zu-tun-haben\/\" \/>\n<meta property=\"og:locale\" content=\"de_DE\" \/>\n<meta property=\"og:type\" content=\"article\" \/>\n<meta property=\"og:title\" content=\"Feedback Friday - Schnipp Schnapp - Krawatte ab! - Fotogeschenke Blog\" \/>\n<meta property=\"og:description\" content=\"Was w\u00e4re wenn&#8230; Wir nicht immer so tolles Feedback von unseren Kunden erhalten w\u00fcrden? Liebes Team von den Originellen Fotogeschenke, ich m\u00f6chte mich ganz herzlich f\u00fcr die prompte Lieferung bedanken. Insbesondere hat mich gefreut, dass die Umsetzung unsere Erwartungen deutlich \u00fcbertroffen haben: die Aufl\u00f6sung der Vorschau war nicht so besonders, deshalb hatten wir unsere Erwartungen [&hellip;]\" \/>\n<meta property=\"og:url\" content=\"https:\/\/www.originellefotogeschenke.de\/blog\/feedback-friday-schnipp-schnapp-krawatte-ab-was-bedruckte-krawatten-mit-weiberfastnacht-zu-tun-haben\/\" \/>\n<meta property=\"og:site_name\" content=\"Fotogeschenke Blog\" \/>\n<meta property=\"article:published_time\" content=\"2014-02-28T15:05:02+00:00\" \/>\n<meta property=\"article:modified_time\" content=\"2019-06-18T15:24:58+00:00\" \/>\n<meta property=\"og:image\" content=\"https:\/\/www.originellefotogeschenke.de\/blog\/wp-content\/uploads\/2014\/02\/tie-montage-600x600.jpg\" \/>\n<meta name=\"twitter:card\" content=\"summary_large_image\" \/>\n<meta name=\"twitter:label1\" content=\"Verfasst von\" \/>\n\t<meta name=\"twitter:data1\" content=\"Originelle Fotogeschenke\" \/>\n\t<meta name=\"twitter:label2\" content=\"Gesch\u00e4tzte Lesezeit\" \/>\n\t<meta name=\"twitter:data2\" content=\"2\u00a0Minuten\" \/>\n<script type=\"application\/ld+json\" class=\"yoast-schema-graph\">{\"@context\":\"https:\/\/schema.org\",\"@graph\":[{\"@type\":\"WebSite\",\"@id\":\"https:\/\/www.originellefotogeschenke.de\/blog\/#website\",\"url\":\"https:\/\/www.originellefotogeschenke.de\/blog\/\",\"name\":\"Fotogeschenke Blog\",\"description\":\"\",\"potentialAction\":[{\"@type\":\"SearchAction\",\"target\":{\"@type\":\"EntryPoint\",\"urlTemplate\":\"https:\/\/www.originellefotogeschenke.de\/blog\/?s={search_term_string}\"},\"query-input\":\"required name=search_term_string\"}],\"inLanguage\":\"de\"},{\"@type\":\"ImageObject\",\"@id\":\"https:\/\/www.originellefotogeschenke.de\/blog\/feedback-friday-schnipp-schnapp-krawatte-ab-was-bedruckte-krawatten-mit-weiberfastnacht-zu-tun-haben\/#primaryimage\",\"inLanguage\":\"de\",\"url\":\"\/blog\/wp-content\/uploads\/2014\/02\/tie-montage-600x600.jpg\",\"contentUrl\":\"\/blog\/wp-content\/uploads\/2014\/02\/tie-montage-600x600.jpg\"},{\"@type\":\"WebPage\",\"@id\":\"https:\/\/www.originellefotogeschenke.de\/blog\/feedback-friday-schnipp-schnapp-krawatte-ab-was-bedruckte-krawatten-mit-weiberfastnacht-zu-tun-haben\/#webpage\",\"url\":\"https:\/\/www.originellefotogeschenke.de\/blog\/feedback-friday-schnipp-schnapp-krawatte-ab-was-bedruckte-krawatten-mit-weiberfastnacht-zu-tun-haben\/\",\"name\":\"Feedback Friday - Schnipp Schnapp - Krawatte ab! - Fotogeschenke Blog\",\"isPartOf\":{\"@id\":\"https:\/\/www.originellefotogeschenke.de\/blog\/#website\"},\"primaryImageOfPage\":{\"@id\":\"https:\/\/www.originellefotogeschenke.de\/blog\/feedback-friday-schnipp-schnapp-krawatte-ab-was-bedruckte-krawatten-mit-weiberfastnacht-zu-tun-haben\/#primaryimage\"},\"datePublished\":\"2014-02-28T15:05:02+00:00\",\"dateModified\":\"2019-06-18T15:24:58+00:00\",\"author\":{\"@id\":\"https:\/\/www.originellefotogeschenke.de\/blog\/#\/schema\/person\/367aa327424ff90b12a58dbcf41f64d4\"},\"breadcrumb\":{\"@id\":\"https:\/\/www.originellefotogeschenke.de\/blog\/feedback-friday-schnipp-schnapp-krawatte-ab-was-bedruckte-krawatten-mit-weiberfastnacht-zu-tun-haben\/#breadcrumb\"},\"inLanguage\":\"de\",\"potentialAction\":[{\"@type\":\"ReadAction\",\"target\":[\"https:\/\/www.originellefotogeschenke.de\/blog\/feedback-friday-schnipp-schnapp-krawatte-ab-was-bedruckte-krawatten-mit-weiberfastnacht-zu-tun-haben\/\"]}]},{\"@type\":\"BreadcrumbList\",\"@id\":\"https:\/\/www.originellefotogeschenke.de\/blog\/feedback-friday-schnipp-schnapp-krawatte-ab-was-bedruckte-krawatten-mit-weiberfastnacht-zu-tun-haben\/#breadcrumb\",\"itemListElement\":[{\"@type\":\"ListItem\",\"position\":1,\"name\":\"Home\",\"item\":\"https:\/\/www.originellefotogeschenke.de\/blog\/\"},{\"@type\":\"ListItem\",\"position\":2,\"name\":\"Feedback Friday &#8211; Schnipp Schnapp &#8211; Krawatte ab!\"}]},{\"@type\":\"Person\",\"@id\":\"https:\/\/www.originellefotogeschenke.de\/blog\/#\/schema\/person\/367aa327424ff90b12a58dbcf41f64d4\",\"name\":\"Originelle Fotogeschenke\",\"image\":{\"@type\":\"ImageObject\",\"@id\":\"https:\/\/www.originellefotogeschenke.de\/blog\/#personlogo\",\"inLanguage\":\"de\",\"url\":\"https:\/\/secure.gravatar.com\/avatar\/94abd966e831335b1878b94e29bdb995?s=96&d=mm&r=g\",\"contentUrl\":\"https:\/\/secure.gravatar.com\/avatar\/94abd966e831335b1878b94e29bdb995?s=96&d=mm&r=g\",\"caption\":\"Originelle Fotogeschenke\"},\"url\":\"https:\/\/www.originellefotogeschenke.de\/blog\/author\/admin\/\"}]}<\/script>\n<!-- \/ Yoast SEO plugin. -->","yoast_head_json":{"title":"Feedback Friday - Schnipp Schnapp - Krawatte ab! - Fotogeschenke Blog","robots":{"index":"index","follow":"follow","max-snippet":"max-snippet:-1","max-image-preview":"max-image-preview:large","max-video-preview":"max-video-preview:-1"},"canonical":"https:\/\/www.originellefotogeschenke.de\/blog\/feedback-friday-schnipp-schnapp-krawatte-ab-was-bedruckte-krawatten-mit-weiberfastnacht-zu-tun-haben\/","og_locale":"de_DE","og_type":"article","og_title":"Feedback Friday - Schnipp Schnapp - Krawatte ab! - Fotogeschenke Blog","og_description":"Was w\u00e4re wenn&#8230; Wir nicht immer so tolles Feedback von unseren Kunden erhalten w\u00fcrden? Liebes Team von den Originellen Fotogeschenke, ich m\u00f6chte mich ganz herzlich f\u00fcr die prompte Lieferung bedanken. Insbesondere hat mich gefreut, dass die Umsetzung unsere Erwartungen deutlich \u00fcbertroffen haben: die Aufl\u00f6sung der Vorschau war nicht so besonders, deshalb hatten wir unsere Erwartungen [&hellip;]","og_url":"https:\/\/www.originellefotogeschenke.de\/blog\/feedback-friday-schnipp-schnapp-krawatte-ab-was-bedruckte-krawatten-mit-weiberfastnacht-zu-tun-haben\/","og_site_name":"Fotogeschenke Blog","article_published_time":"2014-02-28T15:05:02+00:00","article_modified_time":"2019-06-18T15:24:58+00:00","og_image":[{"url":"https:\/\/www.originellefotogeschenke.de\/blog\/wp-content\/uploads\/2014\/02\/tie-montage-600x600.jpg"}],"twitter_card":"summary_large_image","twitter_misc":{"Verfasst von":"Originelle Fotogeschenke","Gesch\u00e4tzte Lesezeit":"2\u00a0Minuten"},"schema":{"@context":"https:\/\/schema.org","@graph":[{"@type":"WebSite","@id":"https:\/\/www.originellefotogeschenke.de\/blog\/#website","url":"https:\/\/www.originellefotogeschenke.de\/blog\/","name":"Fotogeschenke Blog","description":"","potentialAction":[{"@type":"SearchAction","target":{"@type":"EntryPoint","urlTemplate":"https:\/\/www.originellefotogeschenke.de\/blog\/?s={search_term_string}"},"query-input":"required name=search_term_string"}],"inLanguage":"de"},{"@type":"ImageObject","@id":"https:\/\/www.originellefotogeschenke.de\/blog\/feedback-friday-schnipp-schnapp-krawatte-ab-was-bedruckte-krawatten-mit-weiberfastnacht-zu-tun-haben\/#primaryimage","inLanguage":"de","url":"\/blog\/wp-content\/uploads\/2014\/02\/tie-montage-600x600.jpg","contentUrl":"\/blog\/wp-content\/uploads\/2014\/02\/tie-montage-600x600.jpg"},{"@type":"WebPage","@id":"https:\/\/www.originellefotogeschenke.de\/blog\/feedback-friday-schnipp-schnapp-krawatte-ab-was-bedruckte-krawatten-mit-weiberfastnacht-zu-tun-haben\/#webpage","url":"https:\/\/www.originellefotogeschenke.de\/blog\/feedback-friday-schnipp-schnapp-krawatte-ab-was-bedruckte-krawatten-mit-weiberfastnacht-zu-tun-haben\/","name":"Feedback Friday - Schnipp Schnapp - Krawatte ab! - Fotogeschenke Blog","isPartOf":{"@id":"https:\/\/www.originellefotogeschenke.de\/blog\/#website"},"primaryImageOfPage":{"@id":"https:\/\/www.originellefotogeschenke.de\/blog\/feedback-friday-schnipp-schnapp-krawatte-ab-was-bedruckte-krawatten-mit-weiberfastnacht-zu-tun-haben\/#primaryimage"},"datePublished":"2014-02-28T15:05:02+00:00","dateModified":"2019-06-18T15:24:58+00:00","author":{"@id":"https:\/\/www.originellefotogeschenke.de\/blog\/#\/schema\/person\/367aa327424ff90b12a58dbcf41f64d4"},"breadcrumb":{"@id":"https:\/\/www.originellefotogeschenke.de\/blog\/feedback-friday-schnipp-schnapp-krawatte-ab-was-bedruckte-krawatten-mit-weiberfastnacht-zu-tun-haben\/#breadcrumb"},"inLanguage":"de","potentialAction":[{"@type":"ReadAction","target":["https:\/\/www.originellefotogeschenke.de\/blog\/feedback-friday-schnipp-schnapp-krawatte-ab-was-bedruckte-krawatten-mit-weiberfastnacht-zu-tun-haben\/"]}]},{"@type":"BreadcrumbList","@id":"https:\/\/www.originellefotogeschenke.de\/blog\/feedback-friday-schnipp-schnapp-krawatte-ab-was-bedruckte-krawatten-mit-weiberfastnacht-zu-tun-haben\/#breadcrumb","itemListElement":[{"@type":"ListItem","position":1,"name":"Home","item":"https:\/\/www.originellefotogeschenke.de\/blog\/"},{"@type":"ListItem","position":2,"name":"Feedback Friday &#8211; Schnipp Schnapp &#8211; Krawatte ab!"}]},{"@type":"Person","@id":"https:\/\/www.originellefotogeschenke.de\/blog\/#\/schema\/person\/367aa327424ff90b12a58dbcf41f64d4","name":"Originelle Fotogeschenke","image":{"@type":"ImageObject","@id":"https:\/\/www.originellefotogeschenke.de\/blog\/#personlogo","inLanguage":"de","url":"https:\/\/secure.gravatar.com\/avatar\/94abd966e831335b1878b94e29bdb995?s=96&d=mm&r=g","contentUrl":"https:\/\/secure.gravatar.com\/avatar\/94abd966e831335b1878b94e29bdb995?s=96&d=mm&r=g","caption":"Originelle Fotogeschenke"},"url":"https:\/\/www.originellefotogeschenke.de\/blog\/author\/admin\/"}]}},"_links":{"self":[{"href":"https:\/\/www.originellefotogeschenke.de\/blog\/wp-json\/wp\/v2\/posts\/6072"}],"collection":[{"href":"https:\/\/www.originellefotogeschenke.de\/blog\/wp-json\/wp\/v2\/posts"}],"about":[{"href":"https:\/\/www.originellefotogeschenke.de\/blog\/wp-json\/wp\/v2\/types\/post"}],"author":[{"embeddable":true,"href":"https:\/\/www.originellefotogeschenke.de\/blog\/wp-json\/wp\/v2\/users\/1"}],"replies":[{"embeddable":true,"href":"https:\/\/www.originellefotogeschenke.de\/blog\/wp-json\/wp\/v2\/comments?post=6072"}],"version-history":[{"count":11,"href":"https:\/\/www.originellefotogeschenke.de\/blog\/wp-json\/wp\/v2\/posts\/6072\/revisions"}],"predecessor-version":[{"id":7774,"href":"https:\/\/www.originellefotogeschenke.de\/blog\/wp-json\/wp\/v2\/posts\/6072\/revisions\/7774"}],"wp:attachment":[{"href":"https:\/\/www.originellefotogeschenke.de\/blog\/wp-json\/wp\/v2\/media?parent=6072"}],"wp:term":[{"taxonomy":"category","embeddable":true,"href":"https:\/\/www.originellefotogeschenke.de\/blog\/wp-json\/wp\/v2\/categories?post=6072"},{"taxonomy":"post_tag","embeddable":true,"href":"https:\/\/www.originellefotogeschenke.de\/blog\/wp-json\/wp\/v2\/tags?post=6072"}],"curies":[{"name":"wp","href":"https:\/\/api.w.org\/{rel}","templated":true}]}}