{"id":5859,"date":"2014-02-07T17:41:13","date_gmt":"2014-02-07T17:41:13","guid":{"rendered":"\/blog\/?p=5859"},"modified":"2019-10-23T09:17:45","modified_gmt":"2019-10-23T08:17:45","slug":"feedback-friday-ich-war-ganz-geruhrt-weil-der-quilt-so-schon-geworden-ist","status":"publish","type":"post","link":"https:\/\/www.originellefotogeschenke.de\/blog\/feedback-friday-ich-war-ganz-geruhrt-weil-der-quilt-so-schon-geworden-ist\/","title":{"rendered":"Feedback Friday &#8211; Ich war ganz ger\u00fchrt weil der Quilt so sch\u00f6n geworden ist"},"content":{"rendered":"<blockquote><p><em>\u201eLiebe Nina,<\/em><\/p>\n<p><em>ich m\u00f6chte mich auf diesem Weg f\u00fcr die <strong>sehr sch\u00f6ne und schnelle Arbeit<\/strong> bedanken.<br \/>\nIch war ganz ger\u00fchrt weil der Quilt so sch\u00f6n geworden ist. Auch die Verpackung dazu ist sehr originell.<br \/>\n<strong>Ich habe euren Link schon an Kollegen weitergeleitet<\/strong> und bin sicher, dass ich bald wieder mit Euch zu tun haben werde.<br \/>\nEine Frage noch, kann man diesen Foto Quilt in der Waschmaschine waschen und wenn bei wie viel Grad, oder ist es besser ihn in die Reinigung zu geben.<\/em><\/p>\n<p><em>Herzlichen Dank noch einmal f\u00fcr Eure Bem\u00fchungen,<\/em><\/p>\n<p><em>liebe Gr\u00fc\u00dfe aus Wien\u201c<\/em><\/p><\/blockquote>\n<p><strong>Vielen lieben Dank f\u00fcr dieses Wahnsinns &#8211; Feedback.<\/strong> Das ganze Team von <a title=\"Originelle Fotogeschenke\" href=\"https:\/\/www.originellefotogeschenke.de\" target=\"_blank\" rel=\"noopener noreferrer\">Originelle Fotogeschenke<\/a> hat uns sehr dar\u00fcber gefreut und sind schon gespannt auf die n\u00e4chsten Bestellungen.<\/p>\n<p style=\"text-align: center;\"><img loading=\"lazy\" class=\"aligncenter wp-image-5871\" style=\"border: 0px none;\" src=\"\/blog\/wp-content\/uploads\/2014\/02\/custom-quilting-fabric-600x600.jpg\" alt=\"Quilt mit Fotos\" width=\"600\" height=\"600\" srcset=\"https:\/\/www.originellefotogeschenke.de\/blog\/wp-content\/uploads\/2014\/02\/custom-quilting-fabric-600x600.jpg 600w, https:\/\/www.originellefotogeschenke.de\/blog\/wp-content\/uploads\/2014\/02\/custom-quilting-fabric-150x150.jpg 150w, https:\/\/www.originellefotogeschenke.de\/blog\/wp-content\/uploads\/2014\/02\/custom-quilting-fabric-300x300.jpg 300w, https:\/\/www.originellefotogeschenke.de\/blog\/wp-content\/uploads\/2014\/02\/custom-quilting-fabric.jpg 800w\" sizes=\"(max-width: 600px) 100vw, 600px\" \/><\/p>\n<h3 style=\"text-align: left;\">Gestalte deinen <a href=\"https:\/\/www.originellefotogeschenke.de\/patchworkdecke-mit-fotos\">Foto Quilt<\/a> &#8211; Lieferung inklusive Aufbewahrungsbeutel<\/h3>\n<p style=\"text-align: left;\"><strong>Ein Quilt ist eine Art Steppdecke,<\/strong> die aus mehreren Stoffteilen besteht. Sie besteht aus dem Material Duchess Satin, welches sehr hochwertig und weich ist. Daher kann der Quilt auch gut aus Unterlage f\u00fcr ein Kleinkind benutzt werden. \u00dcber Jahre hinweg f\u00fcr Freuden sorgen, kann ein Quilt aus eigenen Fotos ganz egal f\u00fcr welchen Anlass. Ein gro\u00dfartiges Geschenk ist er auf jeden Fall. Auch als Abschiedsgeschenk macht der Quilt eine gute Figur, da er die M\u00f6glichkeit bietet seine Lieben mit in die Ferne zu nehmen.<\/p>\n<p style=\"text-align: center;\"><a href=\"https:\/\/www.originellefotogeschenke.de\/produkte\/foto-quilt.aspx\"><img loading=\"lazy\" class=\"wp-image-5860 aligncenter\" style=\"border: 0px none;\" src=\"\/blog\/wp-content\/uploads\/2014\/02\/IMG_7755-600x600.jpg\" alt=\"Foto Quilt Verpackung\" width=\"600\" height=\"600\" srcset=\"https:\/\/www.originellefotogeschenke.de\/blog\/wp-content\/uploads\/2014\/02\/IMG_7755-600x600.jpg 600w, https:\/\/www.originellefotogeschenke.de\/blog\/wp-content\/uploads\/2014\/02\/IMG_7755-150x150.jpg 150w, https:\/\/www.originellefotogeschenke.de\/blog\/wp-content\/uploads\/2014\/02\/IMG_7755-300x300.jpg 300w, https:\/\/www.originellefotogeschenke.de\/blog\/wp-content\/uploads\/2014\/02\/IMG_7755.jpg 800w\" sizes=\"(max-width: 600px) 100vw, 600px\" \/><\/a><\/p>\n<h3 style=\"text-align: left;\"><b>Kann man den Quilt in der Waschmaschine waschen?<\/b><\/h3>\n<p style=\"text-align: left;\">Nein, den Quilt kann man nicht in der Waschmaschine waschen. Bitte auch nicht per Handw\u00e4sche versuchen, da sonst der Inhalt klumpen bilden kann. Lediglich die Option den Quilt in die Reinigung zu geben, kann man in Erwegung ziehen. Hierbei sollte jedoch darauf geachtet werden, dass nicht mit Wasser gearbeitet wird. Eine trockene Reinigung sollte in keinem Fall ein Problem darstellen.<\/p>\n","protected":false},"excerpt":{"rendered":"<p>\u201eLiebe Nina, ich m\u00f6chte mich auf diesem Weg f\u00fcr die sehr sch\u00f6ne und schnelle Arbeit bedanken. Ich war ganz ger\u00fchrt weil der Quilt so sch\u00f6n geworden ist. Auch die Verpackung dazu ist sehr originell. Ich habe euren Link schon an Kollegen weitergeleitet und bin sicher, dass ich bald wieder mit Euch zu tun haben werde. [&hellip;]<\/p>\n","protected":false},"author":6,"featured_media":0,"comment_status":"open","ping_status":"open","sticky":false,"template":"","format":"standard","meta":{"_yoast_wpseo_title":"","_yoast_wpseo_metadesc":""},"categories":[1],"tags":[],"yoast_head":"<!-- This site is optimized with the Yoast SEO plugin v16.7 - https:\/\/yoast.com\/wordpress\/plugins\/seo\/ -->\n<title>Feedback Friday - Ich war ganz ger\u00fchrt weil der Quilt so sch\u00f6n geworden ist - Fotogeschenke Blog<\/title>\n<meta name=\"robots\" content=\"index, follow, max-snippet:-1, max-image-preview:large, max-video-preview:-1\" \/>\n<link rel=\"canonical\" href=\"https:\/\/www.originellefotogeschenke.de\/blog\/feedback-friday-ich-war-ganz-geruhrt-weil-der-quilt-so-schon-geworden-ist\/\" \/>\n<meta property=\"og:locale\" content=\"de_DE\" \/>\n<meta property=\"og:type\" content=\"article\" \/>\n<meta property=\"og:title\" content=\"Feedback Friday - Ich war ganz ger\u00fchrt weil der Quilt so sch\u00f6n geworden ist - Fotogeschenke Blog\" \/>\n<meta property=\"og:description\" content=\"\u201eLiebe Nina, ich m\u00f6chte mich auf diesem Weg f\u00fcr die sehr sch\u00f6ne und schnelle Arbeit bedanken. Ich war ganz ger\u00fchrt weil der Quilt so sch\u00f6n geworden ist. Auch die Verpackung dazu ist sehr originell. Ich habe euren Link schon an Kollegen weitergeleitet und bin sicher, dass ich bald wieder mit Euch zu tun haben werde. [&hellip;]\" \/>\n<meta property=\"og:url\" content=\"https:\/\/www.originellefotogeschenke.de\/blog\/feedback-friday-ich-war-ganz-geruhrt-weil-der-quilt-so-schon-geworden-ist\/\" \/>\n<meta property=\"og:site_name\" content=\"Fotogeschenke Blog\" \/>\n<meta property=\"article:published_time\" content=\"2014-02-07T17:41:13+00:00\" \/>\n<meta property=\"article:modified_time\" content=\"2019-10-23T08:17:45+00:00\" \/>\n<meta property=\"og:image\" content=\"https:\/\/www.originellefotogeschenke.de\/blog\/wp-content\/uploads\/2014\/02\/custom-quilting-fabric-600x600.jpg\" \/>\n<meta name=\"twitter:card\" content=\"summary_large_image\" \/>\n<meta name=\"twitter:label1\" content=\"Verfasst von\" \/>\n\t<meta name=\"twitter:data1\" content=\"intern\" \/>\n\t<meta name=\"twitter:label2\" content=\"Gesch\u00e4tzte Lesezeit\" \/>\n\t<meta name=\"twitter:data2\" content=\"1\u00a0Minute\" \/>\n<script type=\"application\/ld+json\" class=\"yoast-schema-graph\">{\"@context\":\"https:\/\/schema.org\",\"@graph\":[{\"@type\":\"WebSite\",\"@id\":\"https:\/\/www.originellefotogeschenke.de\/blog\/#website\",\"url\":\"https:\/\/www.originellefotogeschenke.de\/blog\/\",\"name\":\"Fotogeschenke Blog\",\"description\":\"\",\"potentialAction\":[{\"@type\":\"SearchAction\",\"target\":{\"@type\":\"EntryPoint\",\"urlTemplate\":\"https:\/\/www.originellefotogeschenke.de\/blog\/?s={search_term_string}\"},\"query-input\":\"required name=search_term_string\"}],\"inLanguage\":\"de\"},{\"@type\":\"ImageObject\",\"@id\":\"https:\/\/www.originellefotogeschenke.de\/blog\/feedback-friday-ich-war-ganz-geruhrt-weil-der-quilt-so-schon-geworden-ist\/#primaryimage\",\"inLanguage\":\"de\",\"url\":\"\/blog\/wp-content\/uploads\/2014\/02\/custom-quilting-fabric-600x600.jpg\",\"contentUrl\":\"\/blog\/wp-content\/uploads\/2014\/02\/custom-quilting-fabric-600x600.jpg\"},{\"@type\":\"WebPage\",\"@id\":\"https:\/\/www.originellefotogeschenke.de\/blog\/feedback-friday-ich-war-ganz-geruhrt-weil-der-quilt-so-schon-geworden-ist\/#webpage\",\"url\":\"https:\/\/www.originellefotogeschenke.de\/blog\/feedback-friday-ich-war-ganz-geruhrt-weil-der-quilt-so-schon-geworden-ist\/\",\"name\":\"Feedback Friday - Ich war ganz ger\\u00fchrt weil der Quilt so sch\\u00f6n geworden ist - Fotogeschenke Blog\",\"isPartOf\":{\"@id\":\"https:\/\/www.originellefotogeschenke.de\/blog\/#website\"},\"primaryImageOfPage\":{\"@id\":\"https:\/\/www.originellefotogeschenke.de\/blog\/feedback-friday-ich-war-ganz-geruhrt-weil-der-quilt-so-schon-geworden-ist\/#primaryimage\"},\"datePublished\":\"2014-02-07T17:41:13+00:00\",\"dateModified\":\"2019-10-23T08:17:45+00:00\",\"author\":{\"@id\":\"https:\/\/www.originellefotogeschenke.de\/blog\/#\/schema\/person\/ec6eb4267991dfd629ab7dd811badae7\"},\"breadcrumb\":{\"@id\":\"https:\/\/www.originellefotogeschenke.de\/blog\/feedback-friday-ich-war-ganz-geruhrt-weil-der-quilt-so-schon-geworden-ist\/#breadcrumb\"},\"inLanguage\":\"de\",\"potentialAction\":[{\"@type\":\"ReadAction\",\"target\":[\"https:\/\/www.originellefotogeschenke.de\/blog\/feedback-friday-ich-war-ganz-geruhrt-weil-der-quilt-so-schon-geworden-ist\/\"]}]},{\"@type\":\"BreadcrumbList\",\"@id\":\"https:\/\/www.originellefotogeschenke.de\/blog\/feedback-friday-ich-war-ganz-geruhrt-weil-der-quilt-so-schon-geworden-ist\/#breadcrumb\",\"itemListElement\":[{\"@type\":\"ListItem\",\"position\":1,\"name\":\"Home\",\"item\":\"https:\/\/www.originellefotogeschenke.de\/blog\/\"},{\"@type\":\"ListItem\",\"position\":2,\"name\":\"Feedback Friday &#8211; Ich war ganz ger\\u00fchrt weil der Quilt so sch\\u00f6n geworden ist\"}]},{\"@type\":\"Person\",\"@id\":\"https:\/\/www.originellefotogeschenke.de\/blog\/#\/schema\/person\/ec6eb4267991dfd629ab7dd811badae7\",\"name\":\"intern\",\"image\":{\"@type\":\"ImageObject\",\"@id\":\"https:\/\/www.originellefotogeschenke.de\/blog\/#personlogo\",\"inLanguage\":\"de\",\"url\":\"https:\/\/secure.gravatar.com\/avatar\/152e2b0734b73bcc16984b8cb8cef0db?s=96&d=mm&r=g\",\"contentUrl\":\"https:\/\/secure.gravatar.com\/avatar\/152e2b0734b73bcc16984b8cb8cef0db?s=96&d=mm&r=g\",\"caption\":\"intern\"},\"url\":\"https:\/\/www.originellefotogeschenke.de\/blog\/author\/intern\/\"}]}<\/script>\n<!-- \/ Yoast SEO plugin. -->","yoast_head_json":{"title":"Feedback Friday - Ich war ganz ger\u00fchrt weil der Quilt so sch\u00f6n geworden ist - Fotogeschenke Blog","robots":{"index":"index","follow":"follow","max-snippet":"max-snippet:-1","max-image-preview":"max-image-preview:large","max-video-preview":"max-video-preview:-1"},"canonical":"https:\/\/www.originellefotogeschenke.de\/blog\/feedback-friday-ich-war-ganz-geruhrt-weil-der-quilt-so-schon-geworden-ist\/","og_locale":"de_DE","og_type":"article","og_title":"Feedback Friday - Ich war ganz ger\u00fchrt weil der Quilt so sch\u00f6n geworden ist - Fotogeschenke Blog","og_description":"\u201eLiebe Nina, ich m\u00f6chte mich auf diesem Weg f\u00fcr die sehr sch\u00f6ne und schnelle Arbeit bedanken. Ich war ganz ger\u00fchrt weil der Quilt so sch\u00f6n geworden ist. Auch die Verpackung dazu ist sehr originell. Ich habe euren Link schon an Kollegen weitergeleitet und bin sicher, dass ich bald wieder mit Euch zu tun haben werde. [&hellip;]","og_url":"https:\/\/www.originellefotogeschenke.de\/blog\/feedback-friday-ich-war-ganz-geruhrt-weil-der-quilt-so-schon-geworden-ist\/","og_site_name":"Fotogeschenke Blog","article_published_time":"2014-02-07T17:41:13+00:00","article_modified_time":"2019-10-23T08:17:45+00:00","og_image":[{"url":"https:\/\/www.originellefotogeschenke.de\/blog\/wp-content\/uploads\/2014\/02\/custom-quilting-fabric-600x600.jpg"}],"twitter_card":"summary_large_image","twitter_misc":{"Verfasst von":"intern","Gesch\u00e4tzte Lesezeit":"1\u00a0Minute"},"schema":{"@context":"https:\/\/schema.org","@graph":[{"@type":"WebSite","@id":"https:\/\/www.originellefotogeschenke.de\/blog\/#website","url":"https:\/\/www.originellefotogeschenke.de\/blog\/","name":"Fotogeschenke Blog","description":"","potentialAction":[{"@type":"SearchAction","target":{"@type":"EntryPoint","urlTemplate":"https:\/\/www.originellefotogeschenke.de\/blog\/?s={search_term_string}"},"query-input":"required name=search_term_string"}],"inLanguage":"de"},{"@type":"ImageObject","@id":"https:\/\/www.originellefotogeschenke.de\/blog\/feedback-friday-ich-war-ganz-geruhrt-weil-der-quilt-so-schon-geworden-ist\/#primaryimage","inLanguage":"de","url":"\/blog\/wp-content\/uploads\/2014\/02\/custom-quilting-fabric-600x600.jpg","contentUrl":"\/blog\/wp-content\/uploads\/2014\/02\/custom-quilting-fabric-600x600.jpg"},{"@type":"WebPage","@id":"https:\/\/www.originellefotogeschenke.de\/blog\/feedback-friday-ich-war-ganz-geruhrt-weil-der-quilt-so-schon-geworden-ist\/#webpage","url":"https:\/\/www.originellefotogeschenke.de\/blog\/feedback-friday-ich-war-ganz-geruhrt-weil-der-quilt-so-schon-geworden-ist\/","name":"Feedback Friday - Ich war ganz ger\u00fchrt weil der Quilt so sch\u00f6n geworden ist - Fotogeschenke Blog","isPartOf":{"@id":"https:\/\/www.originellefotogeschenke.de\/blog\/#website"},"primaryImageOfPage":{"@id":"https:\/\/www.originellefotogeschenke.de\/blog\/feedback-friday-ich-war-ganz-geruhrt-weil-der-quilt-so-schon-geworden-ist\/#primaryimage"},"datePublished":"2014-02-07T17:41:13+00:00","dateModified":"2019-10-23T08:17:45+00:00","author":{"@id":"https:\/\/www.originellefotogeschenke.de\/blog\/#\/schema\/person\/ec6eb4267991dfd629ab7dd811badae7"},"breadcrumb":{"@id":"https:\/\/www.originellefotogeschenke.de\/blog\/feedback-friday-ich-war-ganz-geruhrt-weil-der-quilt-so-schon-geworden-ist\/#breadcrumb"},"inLanguage":"de","potentialAction":[{"@type":"ReadAction","target":["https:\/\/www.originellefotogeschenke.de\/blog\/feedback-friday-ich-war-ganz-geruhrt-weil-der-quilt-so-schon-geworden-ist\/"]}]},{"@type":"BreadcrumbList","@id":"https:\/\/www.originellefotogeschenke.de\/blog\/feedback-friday-ich-war-ganz-geruhrt-weil-der-quilt-so-schon-geworden-ist\/#breadcrumb","itemListElement":[{"@type":"ListItem","position":1,"name":"Home","item":"https:\/\/www.originellefotogeschenke.de\/blog\/"},{"@type":"ListItem","position":2,"name":"Feedback Friday &#8211; Ich war ganz ger\u00fchrt weil der Quilt so sch\u00f6n geworden ist"}]},{"@type":"Person","@id":"https:\/\/www.originellefotogeschenke.de\/blog\/#\/schema\/person\/ec6eb4267991dfd629ab7dd811badae7","name":"intern","image":{"@type":"ImageObject","@id":"https:\/\/www.originellefotogeschenke.de\/blog\/#personlogo","inLanguage":"de","url":"https:\/\/secure.gravatar.com\/avatar\/152e2b0734b73bcc16984b8cb8cef0db?s=96&d=mm&r=g","contentUrl":"https:\/\/secure.gravatar.com\/avatar\/152e2b0734b73bcc16984b8cb8cef0db?s=96&d=mm&r=g","caption":"intern"},"url":"https:\/\/www.originellefotogeschenke.de\/blog\/author\/intern\/"}]}},"_links":{"self":[{"href":"https:\/\/www.originellefotogeschenke.de\/blog\/wp-json\/wp\/v2\/posts\/5859"}],"collection":[{"href":"https:\/\/www.originellefotogeschenke.de\/blog\/wp-json\/wp\/v2\/posts"}],"about":[{"href":"https:\/\/www.originellefotogeschenke.de\/blog\/wp-json\/wp\/v2\/types\/post"}],"author":[{"embeddable":true,"href":"https:\/\/www.originellefotogeschenke.de\/blog\/wp-json\/wp\/v2\/users\/6"}],"replies":[{"embeddable":true,"href":"https:\/\/www.originellefotogeschenke.de\/blog\/wp-json\/wp\/v2\/comments?post=5859"}],"version-history":[{"count":20,"href":"https:\/\/www.originellefotogeschenke.de\/blog\/wp-json\/wp\/v2\/posts\/5859\/revisions"}],"predecessor-version":[{"id":8199,"href":"https:\/\/www.originellefotogeschenke.de\/blog\/wp-json\/wp\/v2\/posts\/5859\/revisions\/8199"}],"wp:attachment":[{"href":"https:\/\/www.originellefotogeschenke.de\/blog\/wp-json\/wp\/v2\/media?parent=5859"}],"wp:term":[{"taxonomy":"category","embeddable":true,"href":"https:\/\/www.originellefotogeschenke.de\/blog\/wp-json\/wp\/v2\/categories?post=5859"},{"taxonomy":"post_tag","embeddable":true,"href":"https:\/\/www.originellefotogeschenke.de\/blog\/wp-json\/wp\/v2\/tags?post=5859"}],"curies":[{"name":"wp","href":"https:\/\/api.w.org\/{rel}","templated":true}]}}