{"id":5519,"date":"2013-11-26T15:28:06","date_gmt":"2013-11-26T15:28:06","guid":{"rendered":"\/blog\/?p=5519"},"modified":"2019-06-19T09:34:09","modified_gmt":"2019-06-19T08:34:09","slug":"unsere-dirndl-schurze-trifft-den-volksmusik-rockn-roller-andreas-gabalier","status":"publish","type":"post","link":"https:\/\/www.originellefotogeschenke.de\/blog\/unsere-dirndl-schurze-trifft-den-volksmusik-rockn-roller-andreas-gabalier\/","title":{"rendered":"Unsere Dirndlsch\u00fcrze trifft den Volksmusik-Rock&#8217;n&#8216; Roller Andreas Gabalier"},"content":{"rendered":"<h3>Wie bereitet man sich am besten auf ein Konzert von Andreas Gabalier vor?<\/h3>\n<p><strong><a href=\"https:\/\/www.originellefotogeschenke.de\/produkte\/dirndlschuerze-bedruckt.aspx\"><img loading=\"lazy\" class=\"alignright  wp-image-5531\" src=\"\/blog\/wp-content\/uploads\/2013\/11\/schuerze.jpg\" alt=\"Dirndlsch\u00fcrze von Originelle Fotogeschenke\" width=\"290\" height=\"384\" srcset=\"https:\/\/www.originellefotogeschenke.de\/blog\/wp-content\/uploads\/2013\/11\/schuerze.jpg 318w, https:\/\/www.originellefotogeschenke.de\/blog\/wp-content\/uploads\/2013\/11\/schuerze-226x300.jpg 226w\" sizes=\"(max-width: 290px) 100vw, 290px\" \/><\/a>Tanja hat uns echt begeistert.<\/strong> Als wir ihre <strong>Dirndl &#8211; Sch\u00fcrze<\/strong> gesehen haben, die sie in unserem System mit Fotos von Andreas Gabalier gestaltet hat, mussten wir sie einfach direkt auf die ganz spezielle Gestaltung ansprechen. Hast du die Sch\u00fcrze einfach nur so mit den Fotos von Andreas Gabalier gestaltet oder hat das einen besonderen Grund? Wird die Sch\u00fcrze ein Geschenk oder beh\u00e4lst du sie selber?<\/p>\n<p>Und schon ein paar Minuten sp\u00e4ter wussten wir bestens Bescheid.<\/p>\n<p><strong>Tanja hat die Sch\u00fcrze f\u00fcr das Konzert von Andreas Gabalier gestaltet.<\/strong> Ganz klar, dass sie ihr Dirndl anziehen wird &#8211; aber da wird sie nicht das einzige M\u00e4del sein. Bei Konzerten von Andreas sieht man einfach etliche Dirndls &#8211; und viele Sch\u00fcrzen. <strong>Aber selbst entworfene Fotosch\u00fcrzen f\u00fcrs Dirndl?<\/strong><\/p>\n<p>Damit ist Tanja sofort aufgefallen.<\/p>\n<p><strong>Das sagt sie selber \u00fcber die Sch\u00fcrze und die Reaktionen von anderen M\u00e4dels: <\/strong><\/p>\n<blockquote><p>Mir gef\u00e4llt die Sch\u00fcrze sehr gut! Auf dem Konzert hat jeder getuschelt und ein paar haben auch Fotos von mir und der Sch\u00fcrze gemacht.<\/p><\/blockquote>\n<h3><strong>Und stellt euch nur vor &#8211; Tanja hat es geschafft, gemeinsam mit Andreas ein Foto zu machen!<\/strong><\/h3>\n<p style=\"text-align: center;\"><img loading=\"lazy\" class=\"aligncenter  wp-image-5522\" src=\"\/blog\/wp-content\/uploads\/2013\/11\/german-apron-600x400.jpg\" alt=\"Andreas Gabalier und die Dirndl - Sch\u00fcrze mit seinen Fotos\" width=\"600\" height=\"400\" srcset=\"https:\/\/www.originellefotogeschenke.de\/blog\/wp-content\/uploads\/2013\/11\/german-apron-600x400.jpg 600w, https:\/\/www.originellefotogeschenke.de\/blog\/wp-content\/uploads\/2013\/11\/german-apron-300x200.jpg 300w, https:\/\/www.originellefotogeschenke.de\/blog\/wp-content\/uploads\/2013\/11\/german-apron.jpg 960w\" sizes=\"(max-width: 600px) 100vw, 600px\" \/><\/p>\n<h3>Und was sagt Andreas Gabalier zur Dirndl &#8211; Sch\u00fcrze mit seinen Fotos?<\/h3>\n<blockquote><p>Ja war schon arg begeistert der Andreas aber er hatte leider keine Zeit mehr sie zu unterschreiben.<\/p><\/blockquote>\n<p>Stellt euch nur mal vor, wie \u00fcberrascht Andreas gewesen sein muss, als Tanja vor ihm stand, mit einem tollen Dirndl und einer Sch\u00fcrze, auf der seine Fotos sind?<\/p>\n<p><strong>Wie gef\u00e4llt euch die Sch\u00fcrze von Tanja, was w\u00fcrdet ihr auf eine Dirndlsch\u00fcrze drucken lassen?<\/strong><\/p>\n<p>\u00dcbrigens, <a title=\"hier k\u00f6nnt ihr eure eigenen Fotos hochladen\" href=\"https:\/\/www.originellefotogeschenke.de\/produkte\/dirndlschuerze-bedruckt.aspx\" target=\"_blank\" rel=\"noopener noreferrer\">hier k\u00f6nnt ihr eure eigenen Fotos hochladen<\/a> und sehen, wie sich diese auf einer Dirndlsch\u00fcrze machen w\u00fcrden.<\/p>\n","protected":false},"excerpt":{"rendered":"<p>Wie bereitet man sich am besten auf ein Konzert von Andreas Gabalier vor? Tanja hat uns echt begeistert. Als wir ihre Dirndl &#8211; Sch\u00fcrze gesehen haben, die sie in unserem System mit Fotos von Andreas Gabalier gestaltet hat, mussten wir sie einfach direkt auf die ganz spezielle Gestaltung ansprechen. Hast du die Sch\u00fcrze einfach nur [&hellip;]<\/p>\n","protected":false},"author":1,"featured_media":0,"comment_status":"open","ping_status":"open","sticky":false,"template":"","format":"standard","meta":{"_yoast_wpseo_title":"%%title%% %%page%%","_yoast_wpseo_metadesc":""},"categories":[1],"tags":[],"yoast_head":"<!-- This site is optimized with the Yoast SEO plugin v16.7 - https:\/\/yoast.com\/wordpress\/plugins\/seo\/ -->\n<title>Unsere Dirndlsch\u00fcrze trifft den Volksmusik-Rock&#039;n&#039; Roller Andreas Gabalier<\/title>\n<meta name=\"robots\" content=\"index, follow, max-snippet:-1, max-image-preview:large, max-video-preview:-1\" \/>\n<link rel=\"canonical\" href=\"https:\/\/www.originellefotogeschenke.de\/blog\/unsere-dirndl-schurze-trifft-den-volksmusik-rockn-roller-andreas-gabalier\/\" \/>\n<meta property=\"og:locale\" content=\"de_DE\" \/>\n<meta property=\"og:type\" content=\"article\" \/>\n<meta property=\"og:title\" content=\"Unsere Dirndlsch\u00fcrze trifft den Volksmusik-Rock&#039;n&#039; Roller Andreas Gabalier\" \/>\n<meta property=\"og:description\" content=\"Wie bereitet man sich am besten auf ein Konzert von Andreas Gabalier vor? Tanja hat uns echt begeistert. Als wir ihre Dirndl &#8211; Sch\u00fcrze gesehen haben, die sie in unserem System mit Fotos von Andreas Gabalier gestaltet hat, mussten wir sie einfach direkt auf die ganz spezielle Gestaltung ansprechen. Hast du die Sch\u00fcrze einfach nur [&hellip;]\" \/>\n<meta property=\"og:url\" content=\"https:\/\/www.originellefotogeschenke.de\/blog\/unsere-dirndl-schurze-trifft-den-volksmusik-rockn-roller-andreas-gabalier\/\" \/>\n<meta property=\"og:site_name\" content=\"Fotogeschenke Blog\" \/>\n<meta property=\"article:published_time\" content=\"2013-11-26T15:28:06+00:00\" \/>\n<meta property=\"article:modified_time\" content=\"2019-06-19T08:34:09+00:00\" \/>\n<meta property=\"og:image\" content=\"https:\/\/www.originellefotogeschenke.de\/blog\/wp-content\/uploads\/2013\/11\/schuerze.jpg\" \/>\n<meta name=\"twitter:card\" content=\"summary_large_image\" \/>\n<meta name=\"twitter:label1\" content=\"Verfasst von\" \/>\n\t<meta name=\"twitter:data1\" content=\"Originelle Fotogeschenke\" \/>\n\t<meta name=\"twitter:label2\" content=\"Gesch\u00e4tzte Lesezeit\" \/>\n\t<meta name=\"twitter:data2\" content=\"2\u00a0Minuten\" \/>\n<script type=\"application\/ld+json\" class=\"yoast-schema-graph\">{\"@context\":\"https:\/\/schema.org\",\"@graph\":[{\"@type\":\"WebSite\",\"@id\":\"https:\/\/www.originellefotogeschenke.de\/blog\/#website\",\"url\":\"https:\/\/www.originellefotogeschenke.de\/blog\/\",\"name\":\"Fotogeschenke Blog\",\"description\":\"\",\"potentialAction\":[{\"@type\":\"SearchAction\",\"target\":{\"@type\":\"EntryPoint\",\"urlTemplate\":\"https:\/\/www.originellefotogeschenke.de\/blog\/?s={search_term_string}\"},\"query-input\":\"required name=search_term_string\"}],\"inLanguage\":\"de\"},{\"@type\":\"ImageObject\",\"@id\":\"https:\/\/www.originellefotogeschenke.de\/blog\/unsere-dirndl-schurze-trifft-den-volksmusik-rockn-roller-andreas-gabalier\/#primaryimage\",\"inLanguage\":\"de\",\"url\":\"\/blog\/wp-content\/uploads\/2013\/11\/schuerze.jpg\",\"contentUrl\":\"\/blog\/wp-content\/uploads\/2013\/11\/schuerze.jpg\"},{\"@type\":\"WebPage\",\"@id\":\"https:\/\/www.originellefotogeschenke.de\/blog\/unsere-dirndl-schurze-trifft-den-volksmusik-rockn-roller-andreas-gabalier\/#webpage\",\"url\":\"https:\/\/www.originellefotogeschenke.de\/blog\/unsere-dirndl-schurze-trifft-den-volksmusik-rockn-roller-andreas-gabalier\/\",\"name\":\"Unsere Dirndlsch\\u00fcrze trifft den Volksmusik-Rock'n' Roller Andreas Gabalier\",\"isPartOf\":{\"@id\":\"https:\/\/www.originellefotogeschenke.de\/blog\/#website\"},\"primaryImageOfPage\":{\"@id\":\"https:\/\/www.originellefotogeschenke.de\/blog\/unsere-dirndl-schurze-trifft-den-volksmusik-rockn-roller-andreas-gabalier\/#primaryimage\"},\"datePublished\":\"2013-11-26T15:28:06+00:00\",\"dateModified\":\"2019-06-19T08:34:09+00:00\",\"author\":{\"@id\":\"https:\/\/www.originellefotogeschenke.de\/blog\/#\/schema\/person\/367aa327424ff90b12a58dbcf41f64d4\"},\"breadcrumb\":{\"@id\":\"https:\/\/www.originellefotogeschenke.de\/blog\/unsere-dirndl-schurze-trifft-den-volksmusik-rockn-roller-andreas-gabalier\/#breadcrumb\"},\"inLanguage\":\"de\",\"potentialAction\":[{\"@type\":\"ReadAction\",\"target\":[\"https:\/\/www.originellefotogeschenke.de\/blog\/unsere-dirndl-schurze-trifft-den-volksmusik-rockn-roller-andreas-gabalier\/\"]}]},{\"@type\":\"BreadcrumbList\",\"@id\":\"https:\/\/www.originellefotogeschenke.de\/blog\/unsere-dirndl-schurze-trifft-den-volksmusik-rockn-roller-andreas-gabalier\/#breadcrumb\",\"itemListElement\":[{\"@type\":\"ListItem\",\"position\":1,\"name\":\"Home\",\"item\":\"https:\/\/www.originellefotogeschenke.de\/blog\/\"},{\"@type\":\"ListItem\",\"position\":2,\"name\":\"Unsere Dirndlsch\\u00fcrze trifft den Volksmusik-Rock&#8217;n&#8216; Roller Andreas Gabalier\"}]},{\"@type\":\"Person\",\"@id\":\"https:\/\/www.originellefotogeschenke.de\/blog\/#\/schema\/person\/367aa327424ff90b12a58dbcf41f64d4\",\"name\":\"Originelle Fotogeschenke\",\"image\":{\"@type\":\"ImageObject\",\"@id\":\"https:\/\/www.originellefotogeschenke.de\/blog\/#personlogo\",\"inLanguage\":\"de\",\"url\":\"https:\/\/secure.gravatar.com\/avatar\/94abd966e831335b1878b94e29bdb995?s=96&d=mm&r=g\",\"contentUrl\":\"https:\/\/secure.gravatar.com\/avatar\/94abd966e831335b1878b94e29bdb995?s=96&d=mm&r=g\",\"caption\":\"Originelle Fotogeschenke\"},\"url\":\"https:\/\/www.originellefotogeschenke.de\/blog\/author\/admin\/\"}]}<\/script>\n<!-- \/ Yoast SEO plugin. -->","yoast_head_json":{"title":"Unsere Dirndlsch\u00fcrze trifft den Volksmusik-Rock'n' Roller Andreas Gabalier","robots":{"index":"index","follow":"follow","max-snippet":"max-snippet:-1","max-image-preview":"max-image-preview:large","max-video-preview":"max-video-preview:-1"},"canonical":"https:\/\/www.originellefotogeschenke.de\/blog\/unsere-dirndl-schurze-trifft-den-volksmusik-rockn-roller-andreas-gabalier\/","og_locale":"de_DE","og_type":"article","og_title":"Unsere Dirndlsch\u00fcrze trifft den Volksmusik-Rock'n' Roller Andreas Gabalier","og_description":"Wie bereitet man sich am besten auf ein Konzert von Andreas Gabalier vor? Tanja hat uns echt begeistert. Als wir ihre Dirndl &#8211; Sch\u00fcrze gesehen haben, die sie in unserem System mit Fotos von Andreas Gabalier gestaltet hat, mussten wir sie einfach direkt auf die ganz spezielle Gestaltung ansprechen. Hast du die Sch\u00fcrze einfach nur [&hellip;]","og_url":"https:\/\/www.originellefotogeschenke.de\/blog\/unsere-dirndl-schurze-trifft-den-volksmusik-rockn-roller-andreas-gabalier\/","og_site_name":"Fotogeschenke Blog","article_published_time":"2013-11-26T15:28:06+00:00","article_modified_time":"2019-06-19T08:34:09+00:00","og_image":[{"url":"https:\/\/www.originellefotogeschenke.de\/blog\/wp-content\/uploads\/2013\/11\/schuerze.jpg"}],"twitter_card":"summary_large_image","twitter_misc":{"Verfasst von":"Originelle Fotogeschenke","Gesch\u00e4tzte Lesezeit":"2\u00a0Minuten"},"schema":{"@context":"https:\/\/schema.org","@graph":[{"@type":"WebSite","@id":"https:\/\/www.originellefotogeschenke.de\/blog\/#website","url":"https:\/\/www.originellefotogeschenke.de\/blog\/","name":"Fotogeschenke Blog","description":"","potentialAction":[{"@type":"SearchAction","target":{"@type":"EntryPoint","urlTemplate":"https:\/\/www.originellefotogeschenke.de\/blog\/?s={search_term_string}"},"query-input":"required name=search_term_string"}],"inLanguage":"de"},{"@type":"ImageObject","@id":"https:\/\/www.originellefotogeschenke.de\/blog\/unsere-dirndl-schurze-trifft-den-volksmusik-rockn-roller-andreas-gabalier\/#primaryimage","inLanguage":"de","url":"\/blog\/wp-content\/uploads\/2013\/11\/schuerze.jpg","contentUrl":"\/blog\/wp-content\/uploads\/2013\/11\/schuerze.jpg"},{"@type":"WebPage","@id":"https:\/\/www.originellefotogeschenke.de\/blog\/unsere-dirndl-schurze-trifft-den-volksmusik-rockn-roller-andreas-gabalier\/#webpage","url":"https:\/\/www.originellefotogeschenke.de\/blog\/unsere-dirndl-schurze-trifft-den-volksmusik-rockn-roller-andreas-gabalier\/","name":"Unsere Dirndlsch\u00fcrze trifft den Volksmusik-Rock'n' Roller Andreas Gabalier","isPartOf":{"@id":"https:\/\/www.originellefotogeschenke.de\/blog\/#website"},"primaryImageOfPage":{"@id":"https:\/\/www.originellefotogeschenke.de\/blog\/unsere-dirndl-schurze-trifft-den-volksmusik-rockn-roller-andreas-gabalier\/#primaryimage"},"datePublished":"2013-11-26T15:28:06+00:00","dateModified":"2019-06-19T08:34:09+00:00","author":{"@id":"https:\/\/www.originellefotogeschenke.de\/blog\/#\/schema\/person\/367aa327424ff90b12a58dbcf41f64d4"},"breadcrumb":{"@id":"https:\/\/www.originellefotogeschenke.de\/blog\/unsere-dirndl-schurze-trifft-den-volksmusik-rockn-roller-andreas-gabalier\/#breadcrumb"},"inLanguage":"de","potentialAction":[{"@type":"ReadAction","target":["https:\/\/www.originellefotogeschenke.de\/blog\/unsere-dirndl-schurze-trifft-den-volksmusik-rockn-roller-andreas-gabalier\/"]}]},{"@type":"BreadcrumbList","@id":"https:\/\/www.originellefotogeschenke.de\/blog\/unsere-dirndl-schurze-trifft-den-volksmusik-rockn-roller-andreas-gabalier\/#breadcrumb","itemListElement":[{"@type":"ListItem","position":1,"name":"Home","item":"https:\/\/www.originellefotogeschenke.de\/blog\/"},{"@type":"ListItem","position":2,"name":"Unsere Dirndlsch\u00fcrze trifft den Volksmusik-Rock&#8217;n&#8216; Roller Andreas Gabalier"}]},{"@type":"Person","@id":"https:\/\/www.originellefotogeschenke.de\/blog\/#\/schema\/person\/367aa327424ff90b12a58dbcf41f64d4","name":"Originelle Fotogeschenke","image":{"@type":"ImageObject","@id":"https:\/\/www.originellefotogeschenke.de\/blog\/#personlogo","inLanguage":"de","url":"https:\/\/secure.gravatar.com\/avatar\/94abd966e831335b1878b94e29bdb995?s=96&d=mm&r=g","contentUrl":"https:\/\/secure.gravatar.com\/avatar\/94abd966e831335b1878b94e29bdb995?s=96&d=mm&r=g","caption":"Originelle Fotogeschenke"},"url":"https:\/\/www.originellefotogeschenke.de\/blog\/author\/admin\/"}]}},"_links":{"self":[{"href":"https:\/\/www.originellefotogeschenke.de\/blog\/wp-json\/wp\/v2\/posts\/5519"}],"collection":[{"href":"https:\/\/www.originellefotogeschenke.de\/blog\/wp-json\/wp\/v2\/posts"}],"about":[{"href":"https:\/\/www.originellefotogeschenke.de\/blog\/wp-json\/wp\/v2\/types\/post"}],"author":[{"embeddable":true,"href":"https:\/\/www.originellefotogeschenke.de\/blog\/wp-json\/wp\/v2\/users\/1"}],"replies":[{"embeddable":true,"href":"https:\/\/www.originellefotogeschenke.de\/blog\/wp-json\/wp\/v2\/comments?post=5519"}],"version-history":[{"count":17,"href":"https:\/\/www.originellefotogeschenke.de\/blog\/wp-json\/wp\/v2\/posts\/5519\/revisions"}],"predecessor-version":[{"id":7847,"href":"https:\/\/www.originellefotogeschenke.de\/blog\/wp-json\/wp\/v2\/posts\/5519\/revisions\/7847"}],"wp:attachment":[{"href":"https:\/\/www.originellefotogeschenke.de\/blog\/wp-json\/wp\/v2\/media?parent=5519"}],"wp:term":[{"taxonomy":"category","embeddable":true,"href":"https:\/\/www.originellefotogeschenke.de\/blog\/wp-json\/wp\/v2\/categories?post=5519"},{"taxonomy":"post_tag","embeddable":true,"href":"https:\/\/www.originellefotogeschenke.de\/blog\/wp-json\/wp\/v2\/tags?post=5519"}],"curies":[{"name":"wp","href":"https:\/\/api.w.org\/{rel}","templated":true}]}}