{"id":5274,"date":"2013-10-29T16:50:23","date_gmt":"2013-10-29T16:50:23","guid":{"rendered":"\/blog\/?p=5274"},"modified":"2013-10-29T16:51:42","modified_gmt":"2013-10-29T16:51:42","slug":"darf-ich-vorstellen-das-ist-unsere-neue","status":"publish","type":"post","link":"https:\/\/www.originellefotogeschenke.de\/blog\/darf-ich-vorstellen-das-ist-unsere-neue\/","title":{"rendered":"Darf ich vorstellen &#8211; das ist unsere Neue!"},"content":{"rendered":"<h3>Foto &#8211; Handtasche mit Rei\u00dfverschlu\u00df<\/h3>\n<p><a href=\"https:\/\/www.originellefotogeschenke.de\/produkte\/henkeltasche-bedruckt.aspx\"><img loading=\"lazy\" class=\"aligncenter size-large wp-image-5291\" style=\"border: 0px;\" alt=\"Verschiedene Designs der Henkeltasche von Originelle Fotogeschenke\" src=\"\/blog\/wp-content\/uploads\/2013\/10\/bagmmontage-2-600x200.jpg\" width=\"600\" height=\"200\" srcset=\"https:\/\/www.originellefotogeschenke.de\/blog\/wp-content\/uploads\/2013\/10\/bagmmontage-2-600x200.jpg 600w, https:\/\/www.originellefotogeschenke.de\/blog\/wp-content\/uploads\/2013\/10\/bagmmontage-2-300x100.jpg 300w\" sizes=\"(max-width: 600px) 100vw, 600px\" \/><\/a><\/p>\n<p><strong>Unsere Neue im Team ist jetzt schon \u00fcberall beliebt!<\/strong> Erst seit ein paar Tagen auf der Webseite erh\u00e4ltlich &#8211; und schon ganz vorne dabei. Darf ich vorstellen &#8211; <strong>Die praktische Henkeltasche mit Rei\u00dfverschlu\u00df von Originelle Fotogeschenke.<\/strong><\/p>\n<p>Be<strong><a href=\"https:\/\/www.originellefotogeschenke.de\/estore\/design\/1497\"><img loading=\"lazy\" class=\"size-full wp-image-5282 alignright\" alt=\"bei Originelle Fotogeschenke\" src=\"\/blog\/wp-content\/uploads\/2013\/10\/cartbird.jpg\" width=\"178\" height=\"91\" \/><\/a><\/strong>ide Seiten k\u00f6nnen online gestaltet werden, wir drucken und n\u00e4hen dann in Handarbeit deine Tasche. <strong>Innerhalb von 2 Tagen ist deine Tasche schon fertig<\/strong> und kann verschickt werden.<\/p>\n<p><strong>Details der Tragetasche:<\/strong><\/p>\n<ul>\n<li>Fotodruck auf beiden Seiten (matter Satin)<\/li>\n<li>Schwarze Lederhenkel (gerolltes Echtleder)<\/li>\n<li>Rei\u00dfverschlu\u00df<\/li>\n<li>Drei Innentaschen, eine davon mit Rei\u00dfverschlu\u00df<\/li>\n<li>Breite 47 cm &#8211; H\u00f6he 31 cm &#8211; Tiefe 14,5cm<\/li>\n<li>Henkell\u00e4nge ca. 38 cm<\/li>\n<\/ul>\n<p><a href=\"https:\/\/www.originellefotogeschenke.de\/produkte\/henkeltasche-bedruckt.aspx\"><img loading=\"lazy\" class=\"aligncenter size-large wp-image-5289\" style=\"border: 0px;\" alt=\"Henkeltaschen von Originelle Fotogeschenke\" src=\"\/blog\/wp-content\/uploads\/2013\/10\/bags1-600x200.jpg\" width=\"600\" height=\"200\" srcset=\"https:\/\/www.originellefotogeschenke.de\/blog\/wp-content\/uploads\/2013\/10\/bags1-600x200.jpg 600w, https:\/\/www.originellefotogeschenke.de\/blog\/wp-content\/uploads\/2013\/10\/bags1-300x100.jpg 300w\" sizes=\"(max-width: 600px) 100vw, 600px\" \/><\/a><\/p>\n<p><strong>Neugierig<\/strong><strong> geworden?<\/strong> Du kannst ja einfach mal unverbindlich deine Fotos hochladen um zu sehen, wie diese auf der Tasche aussehen w\u00fcrden.<\/p>\n<p><strong>\u00dcbrigens &#8211; wir starten demn\u00e4chst eine neue Feedback &#8211; Reihe auf unserem Blog!<\/strong> Das erste Interview findet mit einer unserer Stammkundinnen statt. Tanja hat schon mehrere Fotogeschenke bei uns bestellt &#8211; <strong>und wir sind schon sehr gespannt auf ihr Feedback!<\/strong><\/p>\n<p>&nbsp;<\/p>\n<p>&nbsp;<\/p>\n<p>&nbsp;<\/p>\n<p>&nbsp;<\/p>\n","protected":false},"excerpt":{"rendered":"<p>Foto &#8211; Handtasche mit Rei\u00dfverschlu\u00df Unsere Neue im Team ist jetzt schon \u00fcberall beliebt! Erst seit ein paar Tagen auf der Webseite erh\u00e4ltlich &#8211; und schon ganz vorne dabei. Darf ich vorstellen &#8211; Die praktische Henkeltasche mit Rei\u00dfverschlu\u00df von Originelle Fotogeschenke. Beide Seiten k\u00f6nnen online gestaltet werden, wir drucken und n\u00e4hen dann in Handarbeit deine [&hellip;]<\/p>\n","protected":false},"author":1,"featured_media":0,"comment_status":"open","ping_status":"open","sticky":false,"template":"","format":"standard","meta":{"_yoast_wpseo_title":"","_yoast_wpseo_metadesc":""},"categories":[1],"tags":[],"yoast_head":"<!-- This site is optimized with the Yoast SEO plugin v16.7 - https:\/\/yoast.com\/wordpress\/plugins\/seo\/ -->\n<title>Darf ich vorstellen - das ist unsere Neue!  - Fotogeschenke Blog<\/title>\n<meta name=\"robots\" content=\"index, follow, max-snippet:-1, max-image-preview:large, max-video-preview:-1\" \/>\n<link rel=\"canonical\" href=\"https:\/\/www.originellefotogeschenke.de\/blog\/darf-ich-vorstellen-das-ist-unsere-neue\/\" \/>\n<meta property=\"og:locale\" content=\"de_DE\" \/>\n<meta property=\"og:type\" content=\"article\" \/>\n<meta property=\"og:title\" content=\"Darf ich vorstellen - das ist unsere Neue!  - Fotogeschenke Blog\" \/>\n<meta property=\"og:description\" content=\"Foto &#8211; Handtasche mit Rei\u00dfverschlu\u00df Unsere Neue im Team ist jetzt schon \u00fcberall beliebt! Erst seit ein paar Tagen auf der Webseite erh\u00e4ltlich &#8211; und schon ganz vorne dabei. Darf ich vorstellen &#8211; Die praktische Henkeltasche mit Rei\u00dfverschlu\u00df von Originelle Fotogeschenke. Beide Seiten k\u00f6nnen online gestaltet werden, wir drucken und n\u00e4hen dann in Handarbeit deine [&hellip;]\" \/>\n<meta property=\"og:url\" content=\"https:\/\/www.originellefotogeschenke.de\/blog\/darf-ich-vorstellen-das-ist-unsere-neue\/\" \/>\n<meta property=\"og:site_name\" content=\"Fotogeschenke Blog\" \/>\n<meta property=\"article:published_time\" content=\"2013-10-29T16:50:23+00:00\" \/>\n<meta property=\"article:modified_time\" content=\"2013-10-29T16:51:42+00:00\" \/>\n<meta property=\"og:image\" content=\"https:\/\/www.originellefotogeschenke.de\/blog\/wp-content\/uploads\/2013\/10\/bagmmontage-2-600x200.jpg\" \/>\n<meta name=\"twitter:card\" content=\"summary_large_image\" \/>\n<meta name=\"twitter:label1\" content=\"Verfasst von\" \/>\n\t<meta name=\"twitter:data1\" content=\"Originelle Fotogeschenke\" \/>\n\t<meta name=\"twitter:label2\" content=\"Gesch\u00e4tzte Lesezeit\" \/>\n\t<meta name=\"twitter:data2\" content=\"1\u00a0Minute\" \/>\n<script type=\"application\/ld+json\" class=\"yoast-schema-graph\">{\"@context\":\"https:\/\/schema.org\",\"@graph\":[{\"@type\":\"WebSite\",\"@id\":\"https:\/\/www.originellefotogeschenke.de\/blog\/#website\",\"url\":\"https:\/\/www.originellefotogeschenke.de\/blog\/\",\"name\":\"Fotogeschenke Blog\",\"description\":\"\",\"potentialAction\":[{\"@type\":\"SearchAction\",\"target\":{\"@type\":\"EntryPoint\",\"urlTemplate\":\"https:\/\/www.originellefotogeschenke.de\/blog\/?s={search_term_string}\"},\"query-input\":\"required name=search_term_string\"}],\"inLanguage\":\"de\"},{\"@type\":\"ImageObject\",\"@id\":\"https:\/\/www.originellefotogeschenke.de\/blog\/darf-ich-vorstellen-das-ist-unsere-neue\/#primaryimage\",\"inLanguage\":\"de\",\"url\":\"\/blog\/wp-content\/uploads\/2013\/10\/bagmmontage-2-600x200.jpg\",\"contentUrl\":\"\/blog\/wp-content\/uploads\/2013\/10\/bagmmontage-2-600x200.jpg\"},{\"@type\":\"WebPage\",\"@id\":\"https:\/\/www.originellefotogeschenke.de\/blog\/darf-ich-vorstellen-das-ist-unsere-neue\/#webpage\",\"url\":\"https:\/\/www.originellefotogeschenke.de\/blog\/darf-ich-vorstellen-das-ist-unsere-neue\/\",\"name\":\"Darf ich vorstellen - das ist unsere Neue! - Fotogeschenke Blog\",\"isPartOf\":{\"@id\":\"https:\/\/www.originellefotogeschenke.de\/blog\/#website\"},\"primaryImageOfPage\":{\"@id\":\"https:\/\/www.originellefotogeschenke.de\/blog\/darf-ich-vorstellen-das-ist-unsere-neue\/#primaryimage\"},\"datePublished\":\"2013-10-29T16:50:23+00:00\",\"dateModified\":\"2013-10-29T16:51:42+00:00\",\"author\":{\"@id\":\"https:\/\/www.originellefotogeschenke.de\/blog\/#\/schema\/person\/367aa327424ff90b12a58dbcf41f64d4\"},\"breadcrumb\":{\"@id\":\"https:\/\/www.originellefotogeschenke.de\/blog\/darf-ich-vorstellen-das-ist-unsere-neue\/#breadcrumb\"},\"inLanguage\":\"de\",\"potentialAction\":[{\"@type\":\"ReadAction\",\"target\":[\"https:\/\/www.originellefotogeschenke.de\/blog\/darf-ich-vorstellen-das-ist-unsere-neue\/\"]}]},{\"@type\":\"BreadcrumbList\",\"@id\":\"https:\/\/www.originellefotogeschenke.de\/blog\/darf-ich-vorstellen-das-ist-unsere-neue\/#breadcrumb\",\"itemListElement\":[{\"@type\":\"ListItem\",\"position\":1,\"name\":\"Home\",\"item\":\"https:\/\/www.originellefotogeschenke.de\/blog\/\"},{\"@type\":\"ListItem\",\"position\":2,\"name\":\"Darf ich vorstellen &#8211; das ist unsere Neue!\"}]},{\"@type\":\"Person\",\"@id\":\"https:\/\/www.originellefotogeschenke.de\/blog\/#\/schema\/person\/367aa327424ff90b12a58dbcf41f64d4\",\"name\":\"Originelle Fotogeschenke\",\"image\":{\"@type\":\"ImageObject\",\"@id\":\"https:\/\/www.originellefotogeschenke.de\/blog\/#personlogo\",\"inLanguage\":\"de\",\"url\":\"https:\/\/secure.gravatar.com\/avatar\/94abd966e831335b1878b94e29bdb995?s=96&d=mm&r=g\",\"contentUrl\":\"https:\/\/secure.gravatar.com\/avatar\/94abd966e831335b1878b94e29bdb995?s=96&d=mm&r=g\",\"caption\":\"Originelle Fotogeschenke\"},\"url\":\"https:\/\/www.originellefotogeschenke.de\/blog\/author\/admin\/\"}]}<\/script>\n<!-- \/ Yoast SEO plugin. -->","yoast_head_json":{"title":"Darf ich vorstellen - das ist unsere Neue!  - Fotogeschenke Blog","robots":{"index":"index","follow":"follow","max-snippet":"max-snippet:-1","max-image-preview":"max-image-preview:large","max-video-preview":"max-video-preview:-1"},"canonical":"https:\/\/www.originellefotogeschenke.de\/blog\/darf-ich-vorstellen-das-ist-unsere-neue\/","og_locale":"de_DE","og_type":"article","og_title":"Darf ich vorstellen - das ist unsere Neue!  - Fotogeschenke Blog","og_description":"Foto &#8211; Handtasche mit Rei\u00dfverschlu\u00df Unsere Neue im Team ist jetzt schon \u00fcberall beliebt! Erst seit ein paar Tagen auf der Webseite erh\u00e4ltlich &#8211; und schon ganz vorne dabei. Darf ich vorstellen &#8211; Die praktische Henkeltasche mit Rei\u00dfverschlu\u00df von Originelle Fotogeschenke. Beide Seiten k\u00f6nnen online gestaltet werden, wir drucken und n\u00e4hen dann in Handarbeit deine [&hellip;]","og_url":"https:\/\/www.originellefotogeschenke.de\/blog\/darf-ich-vorstellen-das-ist-unsere-neue\/","og_site_name":"Fotogeschenke Blog","article_published_time":"2013-10-29T16:50:23+00:00","article_modified_time":"2013-10-29T16:51:42+00:00","og_image":[{"url":"https:\/\/www.originellefotogeschenke.de\/blog\/wp-content\/uploads\/2013\/10\/bagmmontage-2-600x200.jpg"}],"twitter_card":"summary_large_image","twitter_misc":{"Verfasst von":"Originelle Fotogeschenke","Gesch\u00e4tzte Lesezeit":"1\u00a0Minute"},"schema":{"@context":"https:\/\/schema.org","@graph":[{"@type":"WebSite","@id":"https:\/\/www.originellefotogeschenke.de\/blog\/#website","url":"https:\/\/www.originellefotogeschenke.de\/blog\/","name":"Fotogeschenke Blog","description":"","potentialAction":[{"@type":"SearchAction","target":{"@type":"EntryPoint","urlTemplate":"https:\/\/www.originellefotogeschenke.de\/blog\/?s={search_term_string}"},"query-input":"required name=search_term_string"}],"inLanguage":"de"},{"@type":"ImageObject","@id":"https:\/\/www.originellefotogeschenke.de\/blog\/darf-ich-vorstellen-das-ist-unsere-neue\/#primaryimage","inLanguage":"de","url":"\/blog\/wp-content\/uploads\/2013\/10\/bagmmontage-2-600x200.jpg","contentUrl":"\/blog\/wp-content\/uploads\/2013\/10\/bagmmontage-2-600x200.jpg"},{"@type":"WebPage","@id":"https:\/\/www.originellefotogeschenke.de\/blog\/darf-ich-vorstellen-das-ist-unsere-neue\/#webpage","url":"https:\/\/www.originellefotogeschenke.de\/blog\/darf-ich-vorstellen-das-ist-unsere-neue\/","name":"Darf ich vorstellen - das ist unsere Neue! - Fotogeschenke Blog","isPartOf":{"@id":"https:\/\/www.originellefotogeschenke.de\/blog\/#website"},"primaryImageOfPage":{"@id":"https:\/\/www.originellefotogeschenke.de\/blog\/darf-ich-vorstellen-das-ist-unsere-neue\/#primaryimage"},"datePublished":"2013-10-29T16:50:23+00:00","dateModified":"2013-10-29T16:51:42+00:00","author":{"@id":"https:\/\/www.originellefotogeschenke.de\/blog\/#\/schema\/person\/367aa327424ff90b12a58dbcf41f64d4"},"breadcrumb":{"@id":"https:\/\/www.originellefotogeschenke.de\/blog\/darf-ich-vorstellen-das-ist-unsere-neue\/#breadcrumb"},"inLanguage":"de","potentialAction":[{"@type":"ReadAction","target":["https:\/\/www.originellefotogeschenke.de\/blog\/darf-ich-vorstellen-das-ist-unsere-neue\/"]}]},{"@type":"BreadcrumbList","@id":"https:\/\/www.originellefotogeschenke.de\/blog\/darf-ich-vorstellen-das-ist-unsere-neue\/#breadcrumb","itemListElement":[{"@type":"ListItem","position":1,"name":"Home","item":"https:\/\/www.originellefotogeschenke.de\/blog\/"},{"@type":"ListItem","position":2,"name":"Darf ich vorstellen &#8211; das ist unsere Neue!"}]},{"@type":"Person","@id":"https:\/\/www.originellefotogeschenke.de\/blog\/#\/schema\/person\/367aa327424ff90b12a58dbcf41f64d4","name":"Originelle Fotogeschenke","image":{"@type":"ImageObject","@id":"https:\/\/www.originellefotogeschenke.de\/blog\/#personlogo","inLanguage":"de","url":"https:\/\/secure.gravatar.com\/avatar\/94abd966e831335b1878b94e29bdb995?s=96&d=mm&r=g","contentUrl":"https:\/\/secure.gravatar.com\/avatar\/94abd966e831335b1878b94e29bdb995?s=96&d=mm&r=g","caption":"Originelle Fotogeschenke"},"url":"https:\/\/www.originellefotogeschenke.de\/blog\/author\/admin\/"}]}},"_links":{"self":[{"href":"https:\/\/www.originellefotogeschenke.de\/blog\/wp-json\/wp\/v2\/posts\/5274"}],"collection":[{"href":"https:\/\/www.originellefotogeschenke.de\/blog\/wp-json\/wp\/v2\/posts"}],"about":[{"href":"https:\/\/www.originellefotogeschenke.de\/blog\/wp-json\/wp\/v2\/types\/post"}],"author":[{"embeddable":true,"href":"https:\/\/www.originellefotogeschenke.de\/blog\/wp-json\/wp\/v2\/users\/1"}],"replies":[{"embeddable":true,"href":"https:\/\/www.originellefotogeschenke.de\/blog\/wp-json\/wp\/v2\/comments?post=5274"}],"version-history":[{"count":16,"href":"https:\/\/www.originellefotogeschenke.de\/blog\/wp-json\/wp\/v2\/posts\/5274\/revisions"}],"predecessor-version":[{"id":5295,"href":"https:\/\/www.originellefotogeschenke.de\/blog\/wp-json\/wp\/v2\/posts\/5274\/revisions\/5295"}],"wp:attachment":[{"href":"https:\/\/www.originellefotogeschenke.de\/blog\/wp-json\/wp\/v2\/media?parent=5274"}],"wp:term":[{"taxonomy":"category","embeddable":true,"href":"https:\/\/www.originellefotogeschenke.de\/blog\/wp-json\/wp\/v2\/categories?post=5274"},{"taxonomy":"post_tag","embeddable":true,"href":"https:\/\/www.originellefotogeschenke.de\/blog\/wp-json\/wp\/v2\/tags?post=5274"}],"curies":[{"name":"wp","href":"https:\/\/api.w.org\/{rel}","templated":true}]}}