{"id":5015,"date":"2013-09-14T10:14:10","date_gmt":"2013-09-14T09:14:10","guid":{"rendered":"\/blog\/?p=5015"},"modified":"2020-06-30T12:56:41","modified_gmt":"2020-06-30T11:56:41","slug":"dirndl-schuerze-richtiges-binden-der-dirndschleife","status":"publish","type":"post","link":"https:\/\/www.originellefotogeschenke.de\/blog\/dirndl-schuerze-richtiges-binden-der-dirndschleife\/","title":{"rendered":"Dirndlsch\u00fcrze &#8211; Wie binde ich die Dirndlschleife richtig?"},"content":{"rendered":"<p><span style=\"color: #000000;\">Am 21. September ist es wieder soweit! Um Punkt 12:00 Uhr schaut die ganze Welt auf M\u00fcnchen.<\/span><\/p>\n<p><span style=\"color: #000000;\">Und was genau passiert dann? Christian Ude, amtierender Oberb\u00fcrgermeister von M\u00fcnchen, wird das 180. Oktoberfest mit dem weltber\u00fchmten Satz \u201eO\u2018 zapft is\u201c er\u00f6ffnen und somit den Startschuss f\u00fcr drei Wochen Oktoberfest &#8211; Gaudi geben. Aus aller Welt reisen Menschen nach M\u00fcnchen, um diesen Event einmal live zu erleben.<\/span><\/p>\n<p><span style=\"color: #000000;\">Wir m\u00f6chten Euch nat\u00fcrlich bestm\u00f6glich auf das Event des Jahres in M\u00fcnchen vorbereiten. In den n\u00e4chsten 10 Tagen zeigen wir euch, wie man am besten die \u201eDirndl-Sch\u00fcrze\u201c bindet und welche wichtige Botschaft die Position der Schleife aussagen kann, wie man einen erfolgreichen \u201eWiesn-Flirt\u201c erlebt und weihen euch nat\u00fcrlich auch ein in die Tradition und Geheimnisse rund um die Ma\u00df &amp; die Wei\u00dfwurst.<\/span><\/p>\n<h2><span style=\"text-decoration: underline; color: #000000;\"><strong><span style=\"text-decoration: underline;\">&nbsp;Teil 1 : Die Dirndl Sch\u00fcrze<\/span><\/strong><\/span><\/h2>\n<h3><span style=\"color: #000000;\"><b>\u201eDie Macht der Tracht\u201c<\/b><\/span><\/h3>\n<p><span style=\"color: #000000;\">O\u2019gebunden is.<br \/>\nFrauen schmei\u00dft euch in eure Dirndl und M\u00e4nner packt die Lederhosen aus \u2013 Es ist Wiesn\u2018 Zeit!<br \/>\nWenn es bei den M\u00e4nner meist alles sehr schnell geht, einfach die Lederhose an, die Wadenw\u00e4rmer angezogen und los geht\u2019s, ist es bei den Frauen doch ein wenig komplizierter. Nachdem das Dirndl angezogen ist, die Accessoires ausgesucht und die Haare geflochten sind, steht man &#8211; oder wohl eher Frau- vor einem kleinen, aber recht bedeutsamen Problem.<\/span><\/p>\n<p><span style=\"color: #000000;\">&nbsp;<\/span><\/p>\n<h3 style=\"text-align: center;\"><span style=\"color: #000000;\"><strong>Wie binde ich die Dirndlschleife richtig?<\/strong><\/span><\/h3>\n<p style=\"text-align: left;\"><span style=\"color: #000000;\"><strong>&nbsp;Schleife rechts gebunden:<\/strong><\/span><\/p>\n<p style=\"text-align: center;\"><span style=\"color: #000000;\"><a href=\"\/blog\/wp-content\/uploads\/2013\/09\/rechts.jpg\"><span style=\"color: #000000;\"><img loading=\"lazy\" class=\"size-large wp-image-5026 aligncenter\" alt=\"rechts\" src=\"\/blog\/wp-content\/uploads\/2013\/09\/rechts-451x600.jpg\" width=\"249\" height=\"317\" border=\"4\"><\/span><\/a><b><\/b><\/span><\/p>\n<p><span style=\"color: #000000;\">Bei einer rechts gebundenen Schleife ist Vorsicht geboten! Es bedeutet, dass die Dame vergeben und nicht an s\u00e4mtliche Flirts interessiert ist. Liebe mutigen M\u00e4nner: Die typische Reaktion einer vergegenen Frau ist ein klares \u201eSchleich di\u201c und eine ordentliche \u201eWatschn\u201c.<\/span><\/p>\n<p style=\"text-align: left;\"><span style=\"color: #000000;\"><b>Schleife links gebunden:<\/b><\/span><\/p>\n<p style=\"text-align: center;\"><span style=\"color: #000000;\"><a href=\"\/blog\/wp-content\/uploads\/2013\/09\/links.jpg\"><span style=\"color: #000000;\"><img loading=\"lazy\" class=\"wp-image-5023 aligncenter\" style=\"border: 4px solid white;\" alt=\"Dirndschleife link\" src=\"\/blog\/wp-content\/uploads\/2013\/09\/links-430x600.jpg\" width=\"249\" height=\"317\"><\/span><\/a><\/span><\/p>\n<p style=\"text-align: left;\"><span style=\"color: #000000;\">Wenn die Schleife sch\u00f6n zur linken Seite gebunden ist, wird signalisiert: Ich bin Single! Anbandelt mich!<\/span><\/p>\n<p style=\"text-align: left;\"><span style=\"color: #000000;\">&nbsp;<b>Schleife mittig gebunden:<\/b><\/span><\/p>\n<p style=\"text-align: center;\"><span style=\"color: #000000;\"><a href=\"\/blog\/wp-content\/uploads\/2013\/09\/mitte1.jpg\"><span style=\"color: #000000;\"><img loading=\"lazy\" class=\"aligncenter  wp-image-5042\" style=\"border: 4px solid white;\" alt=\"mitte\" src=\"\/blog\/wp-content\/uploads\/2013\/09\/mitte1-398x600.jpg\" width=\"249\" height=\"317\"><\/span><\/a><\/span><\/p>\n<p style=\"text-align: left;\"><span style=\"color: #000000;\">Man k\u00f6nnte glauben, dass das M\u00e4del sich nicht sicher ist. Rechts oder doch lieber links? Aber eine mittig gebundene Schleife bedeutet, dass das M\u00e4del Jungfrau ist. (Oder einfach eine &#8218;Zugezogene&#8216;, die keine Ahnung von der Wichtigkeit der Schleife hat&#8230;)<\/span><\/p>\n<p style=\"text-align: left;\"><span style=\"color: #000000;\"><b>Schleife hinten gebunden<\/b>:<\/span><\/p>\n<p class=\"aligncenter  wp-image-5034\" style=\"border: 4px solid white; text-align: center;\"><span style=\"color: #000000;\"><a href=\"\/blog\/wp-content\/uploads\/2013\/09\/hinten1.jpg\"><span style=\"color: #000000;\"><img loading=\"lazy\" class=\"wp-image-5046 aligncenter\" style=\"border: 4px solid white;\" alt=\"hinten\" src=\"\/blog\/wp-content\/uploads\/2013\/09\/hinten1-445x600.jpg\" width=\"249\" height=\"317\"><\/span><\/a><\/span><\/p>\n<p class=\"aligncenter  wp-image-5034\" style=\"border: 4px solid white; text-align: left;\"><span style=\"color: #000000;\">Wird die Schleife fest hinten gebunden, hat es zweierlei Bedeutungen: Traditionell tr\u00e4gt die Witwe hinten, aber vorsicht: Auch Kellnerinnen tragen ihre in dieser Position.<\/span><\/p>\n<p class=\"aligncenter  wp-image-5034\" style=\"border: 4px solid white; text-align: left;\"><span style=\"color: #000000;\"><strong>Und, wusstet ihr von dieser Tradition?<\/strong> M\u00e4dels, habt ihr darauf geachtet, wenn ihr eure Sch\u00fcrze umgebunden und die Schleife gemacht habt oder habt ihr einfach nur darauf geachtet, dass es nett aussieht? Wer wei\u00df, vielleicht habt ihr euch ja auch insgeheim gewundert, warum ihr soviele interessierte Blicke von M\u00e4nnern erhalten habt, obwohl ihr doch einfach nur die Schleife vorne gebunden am sch\u00f6nsten fandet? \ud83d\ude42<\/span><\/p>\n<p class=\"aligncenter  wp-image-5034\" style=\"border: 4px solid white; text-align: left;\">\n","protected":false},"excerpt":{"rendered":"<p>Am 21. September ist es wieder soweit! Um Punkt 12:00 Uhr schaut die ganze Welt auf M\u00fcnchen. Und was genau passiert dann? Christian Ude, amtierender Oberb\u00fcrgermeister von M\u00fcnchen, wird das 180. Oktoberfest mit dem weltber\u00fchmten Satz \u201eO\u2018 zapft is\u201c er\u00f6ffnen und somit den Startschuss f\u00fcr drei Wochen Oktoberfest &#8211; Gaudi geben. Aus aller Welt reisen [&hellip;]<\/p>\n","protected":false},"author":1,"featured_media":0,"comment_status":"open","ping_status":"open","sticky":false,"template":"","format":"standard","meta":{"_yoast_wpseo_title":"Wie binde ich die Dirndlschleife richtig? %%sep%% %%sitename%%","_yoast_wpseo_metadesc":""},"categories":[1372,369],"tags":[],"yoast_head":"<!-- This site is optimized with the Yoast SEO plugin v16.7 - https:\/\/yoast.com\/wordpress\/plugins\/seo\/ -->\n<title>Wie binde ich die Dirndlschleife richtig? - Fotogeschenke Blog<\/title>\n<meta name=\"robots\" content=\"index, follow, max-snippet:-1, max-image-preview:large, max-video-preview:-1\" \/>\n<link rel=\"canonical\" href=\"https:\/\/www.originellefotogeschenke.de\/blog\/dirndl-schuerze-richtiges-binden-der-dirndschleife\/\" \/>\n<meta property=\"og:locale\" content=\"de_DE\" \/>\n<meta property=\"og:type\" content=\"article\" \/>\n<meta property=\"og:title\" content=\"Wie binde ich die Dirndlschleife richtig? - Fotogeschenke Blog\" \/>\n<meta property=\"og:description\" content=\"Am 21. September ist es wieder soweit! Um Punkt 12:00 Uhr schaut die ganze Welt auf M\u00fcnchen. Und was genau passiert dann? Christian Ude, amtierender Oberb\u00fcrgermeister von M\u00fcnchen, wird das 180. Oktoberfest mit dem weltber\u00fchmten Satz \u201eO\u2018 zapft is\u201c er\u00f6ffnen und somit den Startschuss f\u00fcr drei Wochen Oktoberfest &#8211; Gaudi geben. Aus aller Welt reisen [&hellip;]\" \/>\n<meta property=\"og:url\" content=\"https:\/\/www.originellefotogeschenke.de\/blog\/dirndl-schuerze-richtiges-binden-der-dirndschleife\/\" \/>\n<meta property=\"og:site_name\" content=\"Fotogeschenke Blog\" \/>\n<meta property=\"article:published_time\" content=\"2013-09-14T09:14:10+00:00\" \/>\n<meta property=\"article:modified_time\" content=\"2020-06-30T11:56:41+00:00\" \/>\n<meta property=\"og:image\" content=\"https:\/\/www.originellefotogeschenke.de\/blog\/wp-content\/uploads\/2013\/09\/rechts-451x600.jpg\" \/>\n<meta name=\"twitter:card\" content=\"summary_large_image\" \/>\n<meta name=\"twitter:label1\" content=\"Verfasst von\" \/>\n\t<meta name=\"twitter:data1\" content=\"Originelle Fotogeschenke\" \/>\n\t<meta name=\"twitter:label2\" content=\"Gesch\u00e4tzte Lesezeit\" \/>\n\t<meta name=\"twitter:data2\" content=\"2\u00a0Minuten\" \/>\n<script type=\"application\/ld+json\" class=\"yoast-schema-graph\">{\"@context\":\"https:\/\/schema.org\",\"@graph\":[{\"@type\":\"WebSite\",\"@id\":\"https:\/\/www.originellefotogeschenke.de\/blog\/#website\",\"url\":\"https:\/\/www.originellefotogeschenke.de\/blog\/\",\"name\":\"Fotogeschenke Blog\",\"description\":\"\",\"potentialAction\":[{\"@type\":\"SearchAction\",\"target\":{\"@type\":\"EntryPoint\",\"urlTemplate\":\"https:\/\/www.originellefotogeschenke.de\/blog\/?s={search_term_string}\"},\"query-input\":\"required name=search_term_string\"}],\"inLanguage\":\"de\"},{\"@type\":\"ImageObject\",\"@id\":\"https:\/\/www.originellefotogeschenke.de\/blog\/dirndl-schuerze-richtiges-binden-der-dirndschleife\/#primaryimage\",\"inLanguage\":\"de\",\"url\":\"\/blog\/wp-content\/uploads\/2013\/09\/rechts-451x600.jpg\",\"contentUrl\":\"\/blog\/wp-content\/uploads\/2013\/09\/rechts-451x600.jpg\"},{\"@type\":\"WebPage\",\"@id\":\"https:\/\/www.originellefotogeschenke.de\/blog\/dirndl-schuerze-richtiges-binden-der-dirndschleife\/#webpage\",\"url\":\"https:\/\/www.originellefotogeschenke.de\/blog\/dirndl-schuerze-richtiges-binden-der-dirndschleife\/\",\"name\":\"Wie binde ich die Dirndlschleife richtig? - Fotogeschenke Blog\",\"isPartOf\":{\"@id\":\"https:\/\/www.originellefotogeschenke.de\/blog\/#website\"},\"primaryImageOfPage\":{\"@id\":\"https:\/\/www.originellefotogeschenke.de\/blog\/dirndl-schuerze-richtiges-binden-der-dirndschleife\/#primaryimage\"},\"datePublished\":\"2013-09-14T09:14:10+00:00\",\"dateModified\":\"2020-06-30T11:56:41+00:00\",\"author\":{\"@id\":\"https:\/\/www.originellefotogeschenke.de\/blog\/#\/schema\/person\/367aa327424ff90b12a58dbcf41f64d4\"},\"breadcrumb\":{\"@id\":\"https:\/\/www.originellefotogeschenke.de\/blog\/dirndl-schuerze-richtiges-binden-der-dirndschleife\/#breadcrumb\"},\"inLanguage\":\"de\",\"potentialAction\":[{\"@type\":\"ReadAction\",\"target\":[\"https:\/\/www.originellefotogeschenke.de\/blog\/dirndl-schuerze-richtiges-binden-der-dirndschleife\/\"]}]},{\"@type\":\"BreadcrumbList\",\"@id\":\"https:\/\/www.originellefotogeschenke.de\/blog\/dirndl-schuerze-richtiges-binden-der-dirndschleife\/#breadcrumb\",\"itemListElement\":[{\"@type\":\"ListItem\",\"position\":1,\"name\":\"Home\",\"item\":\"https:\/\/www.originellefotogeschenke.de\/blog\/\"},{\"@type\":\"ListItem\",\"position\":2,\"name\":\"Dirndlsch\\u00fcrze &#8211; Wie binde ich die Dirndlschleife richtig?\"}]},{\"@type\":\"Person\",\"@id\":\"https:\/\/www.originellefotogeschenke.de\/blog\/#\/schema\/person\/367aa327424ff90b12a58dbcf41f64d4\",\"name\":\"Originelle Fotogeschenke\",\"image\":{\"@type\":\"ImageObject\",\"@id\":\"https:\/\/www.originellefotogeschenke.de\/blog\/#personlogo\",\"inLanguage\":\"de\",\"url\":\"https:\/\/secure.gravatar.com\/avatar\/94abd966e831335b1878b94e29bdb995?s=96&d=mm&r=g\",\"contentUrl\":\"https:\/\/secure.gravatar.com\/avatar\/94abd966e831335b1878b94e29bdb995?s=96&d=mm&r=g\",\"caption\":\"Originelle Fotogeschenke\"},\"url\":\"https:\/\/www.originellefotogeschenke.de\/blog\/author\/admin\/\"}]}<\/script>\n<!-- \/ Yoast SEO plugin. -->","yoast_head_json":{"title":"Wie binde ich die Dirndlschleife richtig? - Fotogeschenke Blog","robots":{"index":"index","follow":"follow","max-snippet":"max-snippet:-1","max-image-preview":"max-image-preview:large","max-video-preview":"max-video-preview:-1"},"canonical":"https:\/\/www.originellefotogeschenke.de\/blog\/dirndl-schuerze-richtiges-binden-der-dirndschleife\/","og_locale":"de_DE","og_type":"article","og_title":"Wie binde ich die Dirndlschleife richtig? - Fotogeschenke Blog","og_description":"Am 21. September ist es wieder soweit! Um Punkt 12:00 Uhr schaut die ganze Welt auf M\u00fcnchen. Und was genau passiert dann? Christian Ude, amtierender Oberb\u00fcrgermeister von M\u00fcnchen, wird das 180. Oktoberfest mit dem weltber\u00fchmten Satz \u201eO\u2018 zapft is\u201c er\u00f6ffnen und somit den Startschuss f\u00fcr drei Wochen Oktoberfest &#8211; Gaudi geben. Aus aller Welt reisen [&hellip;]","og_url":"https:\/\/www.originellefotogeschenke.de\/blog\/dirndl-schuerze-richtiges-binden-der-dirndschleife\/","og_site_name":"Fotogeschenke Blog","article_published_time":"2013-09-14T09:14:10+00:00","article_modified_time":"2020-06-30T11:56:41+00:00","og_image":[{"url":"https:\/\/www.originellefotogeschenke.de\/blog\/wp-content\/uploads\/2013\/09\/rechts-451x600.jpg"}],"twitter_card":"summary_large_image","twitter_misc":{"Verfasst von":"Originelle Fotogeschenke","Gesch\u00e4tzte Lesezeit":"2\u00a0Minuten"},"schema":{"@context":"https:\/\/schema.org","@graph":[{"@type":"WebSite","@id":"https:\/\/www.originellefotogeschenke.de\/blog\/#website","url":"https:\/\/www.originellefotogeschenke.de\/blog\/","name":"Fotogeschenke Blog","description":"","potentialAction":[{"@type":"SearchAction","target":{"@type":"EntryPoint","urlTemplate":"https:\/\/www.originellefotogeschenke.de\/blog\/?s={search_term_string}"},"query-input":"required name=search_term_string"}],"inLanguage":"de"},{"@type":"ImageObject","@id":"https:\/\/www.originellefotogeschenke.de\/blog\/dirndl-schuerze-richtiges-binden-der-dirndschleife\/#primaryimage","inLanguage":"de","url":"\/blog\/wp-content\/uploads\/2013\/09\/rechts-451x600.jpg","contentUrl":"\/blog\/wp-content\/uploads\/2013\/09\/rechts-451x600.jpg"},{"@type":"WebPage","@id":"https:\/\/www.originellefotogeschenke.de\/blog\/dirndl-schuerze-richtiges-binden-der-dirndschleife\/#webpage","url":"https:\/\/www.originellefotogeschenke.de\/blog\/dirndl-schuerze-richtiges-binden-der-dirndschleife\/","name":"Wie binde ich die Dirndlschleife richtig? - Fotogeschenke Blog","isPartOf":{"@id":"https:\/\/www.originellefotogeschenke.de\/blog\/#website"},"primaryImageOfPage":{"@id":"https:\/\/www.originellefotogeschenke.de\/blog\/dirndl-schuerze-richtiges-binden-der-dirndschleife\/#primaryimage"},"datePublished":"2013-09-14T09:14:10+00:00","dateModified":"2020-06-30T11:56:41+00:00","author":{"@id":"https:\/\/www.originellefotogeschenke.de\/blog\/#\/schema\/person\/367aa327424ff90b12a58dbcf41f64d4"},"breadcrumb":{"@id":"https:\/\/www.originellefotogeschenke.de\/blog\/dirndl-schuerze-richtiges-binden-der-dirndschleife\/#breadcrumb"},"inLanguage":"de","potentialAction":[{"@type":"ReadAction","target":["https:\/\/www.originellefotogeschenke.de\/blog\/dirndl-schuerze-richtiges-binden-der-dirndschleife\/"]}]},{"@type":"BreadcrumbList","@id":"https:\/\/www.originellefotogeschenke.de\/blog\/dirndl-schuerze-richtiges-binden-der-dirndschleife\/#breadcrumb","itemListElement":[{"@type":"ListItem","position":1,"name":"Home","item":"https:\/\/www.originellefotogeschenke.de\/blog\/"},{"@type":"ListItem","position":2,"name":"Dirndlsch\u00fcrze &#8211; Wie binde ich die Dirndlschleife richtig?"}]},{"@type":"Person","@id":"https:\/\/www.originellefotogeschenke.de\/blog\/#\/schema\/person\/367aa327424ff90b12a58dbcf41f64d4","name":"Originelle Fotogeschenke","image":{"@type":"ImageObject","@id":"https:\/\/www.originellefotogeschenke.de\/blog\/#personlogo","inLanguage":"de","url":"https:\/\/secure.gravatar.com\/avatar\/94abd966e831335b1878b94e29bdb995?s=96&d=mm&r=g","contentUrl":"https:\/\/secure.gravatar.com\/avatar\/94abd966e831335b1878b94e29bdb995?s=96&d=mm&r=g","caption":"Originelle Fotogeschenke"},"url":"https:\/\/www.originellefotogeschenke.de\/blog\/author\/admin\/"}]}},"_links":{"self":[{"href":"https:\/\/www.originellefotogeschenke.de\/blog\/wp-json\/wp\/v2\/posts\/5015"}],"collection":[{"href":"https:\/\/www.originellefotogeschenke.de\/blog\/wp-json\/wp\/v2\/posts"}],"about":[{"href":"https:\/\/www.originellefotogeschenke.de\/blog\/wp-json\/wp\/v2\/types\/post"}],"author":[{"embeddable":true,"href":"https:\/\/www.originellefotogeschenke.de\/blog\/wp-json\/wp\/v2\/users\/1"}],"replies":[{"embeddable":true,"href":"https:\/\/www.originellefotogeschenke.de\/blog\/wp-json\/wp\/v2\/comments?post=5015"}],"version-history":[{"count":32,"href":"https:\/\/www.originellefotogeschenke.de\/blog\/wp-json\/wp\/v2\/posts\/5015\/revisions"}],"predecessor-version":[{"id":7762,"href":"https:\/\/www.originellefotogeschenke.de\/blog\/wp-json\/wp\/v2\/posts\/5015\/revisions\/7762"}],"wp:attachment":[{"href":"https:\/\/www.originellefotogeschenke.de\/blog\/wp-json\/wp\/v2\/media?parent=5015"}],"wp:term":[{"taxonomy":"category","embeddable":true,"href":"https:\/\/www.originellefotogeschenke.de\/blog\/wp-json\/wp\/v2\/categories?post=5015"},{"taxonomy":"post_tag","embeddable":true,"href":"https:\/\/www.originellefotogeschenke.de\/blog\/wp-json\/wp\/v2\/tags?post=5015"}],"curies":[{"name":"wp","href":"https:\/\/api.w.org\/{rel}","templated":true}]}}