{"id":4760,"date":"2013-05-23T13:19:45","date_gmt":"2013-05-23T13:19:45","guid":{"rendered":"\/blog\/?p=4760"},"modified":"2013-05-23T13:19:45","modified_gmt":"2013-05-23T13:19:45","slug":"was-brauche-ich-fur-die-erstausstattung-meines-babys","status":"publish","type":"post","link":"https:\/\/www.originellefotogeschenke.de\/blog\/was-brauche-ich-fur-die-erstausstattung-meines-babys\/","title":{"rendered":"Was brauche ich f\u00fcr die Erstausstattung meines Babys?"},"content":{"rendered":"<p><strong>Wer erwartet diesen Sommer auch ein Kind?<\/strong> Wenn ich mich so umsehe auf den Stra\u00dfen Londons, habe ich das Gef\u00fchl, jede zweite Frau in meinem Umkreis ist schwanger. Auch im Freundeskreis gibt es einige Freundinnen, die gerade schwanger sind. Ob dieser Trend hier in England einfach nur aufgrund der Schwangerschaft von Kate und den vielen euphorischen Berichten entstanden ist oder ob es ganz normal ist und nur dieses Jahr einfach mehr in meinen Fokus ger\u00fcckt ist, das kann ich nicht genau sagen. Auch hier bei uns im Office von <a title=\"Originelle Fotogeschenke\" href=\"https:\/\/www.originellefotogeschenke.de\/\" target=\"_blank\">Originelle Fotogeschenke<\/a> gibt es eine Kollegin, die im Sommer ihr erstes Kind erwartet &#8211; spannende Zeiten.<\/p>\n<p>Mit einer guten Freundin, die jetzt im<strong> 7. Monat schwanger<\/strong> ist (Wahnsinn, wie schnell die Zeit vergeht&#8230;), bin ich zur Zeit viel unterwegs, schaue nach Babykleidung, Ausstattung und Dingen, die man wirklich braucht und vielen anderen Dingen, die einfach nur wundersch\u00f6n sind, die man aber nicht wirklich braucht. Daher dachte ich mir, meine Erfahrungen hier mit euch zu teilen und zu sehen, ob ihr der gleichen Meinung seid oder ob ihr noch Tipps habt, was ich vergessen habe oder \u00fcberfl\u00fcssigerweise aufgelistet haben. (Bitte habt R\u00fccksicht, alles was mit Giraffen zu tun hat, ist unbedingt und nicht in Frage zu stellende Grundausstattung und man braucht es einfach, ohne wenn und aber &#8211; alles andere darf gerne angesprochen werden.)<\/p>\n<h3>Hier ist die Auflistung f\u00fcr eine m\u00f6gliche Erstausstattung eines Babys:<\/h3>\n<p><strong>Kleidung<\/strong><\/p>\n<ul>\n<li>ca. 6 Bodys, Strampler und Oberteile<\/li>\n<li>ca. 3 Paar S\u00f6ckchen<\/li>\n<li>M\u00fctzchen<\/li>\n<li>Jacke f\u00fcr unterwegs ( Jahreszeit abh\u00e4ngig, bei Kindern, die im Winter geboren werden, brauchst du schon noch eine M\u00fctze, Handschuhe und einiges mehr)<\/li>\n<\/ul>\n<p><strong>Babykleidung einzukaufen ist echt schwer.<\/strong> Also nicht das ihr mich jetzt falsch versteht, es ist super einfach, den Korb vollzupacken und alles, was gut gef\u00e4llt, zu kaufen. Aber, und jetzt kommt das gemeine Aber &#8211; brauchst du wirklich alle Strampler, alle Hemdchen und S\u00f6ckchen? Die einfache Antwort ist nein. Es reichen ein paar vollkommen aus. Einmal, weil du sowieso h\u00e4ufig waschen wirst und zweitens, weil dein Baby in den ersten Monaten schnell wachsen wird. Fakt.So ist die unheimlich s\u00fc\u00dfe Erstausstattung in der kleinsten Gr\u00f6\u00dfe nur ein paar Wochen lang zu Benutzen. Und genau aus diesem Grund ist es sinnvoll,nur ein paar Bodys und Kleidungst\u00fccke in kleinen Gr\u00f6\u00dfen zu haben und dann mit den Monaten zu sehen, was gebraucht wird und wie schnell dein Baby wachsen wird.<\/p>\n<p><strong>Zimmer<\/strong><\/p>\n<ul>\n<li>Wiege oder Kinderbett<\/li>\n<li>Bettlaken, Bettbezug, Decke oder Schlafsack<\/li>\n<li>Wickelauflage und Windeleimer<\/li>\n<\/ul>\n<p>Je nachdem, ob das Baby bei dir im Bett, im Zimmer, im eigenen Bettchen, im Stubenwagen oder auch einem Mosesbett schlafen wird, brachsut du dazu das passende Bett plus Zubeh\u00f6r. \u00dcber eine Wickelkommode l\u00e4sst sich streiten, ich kann aus jahrelanger Erfahrung sagen, dass es praktisch ist, alles griffbereit zu haben, was man zum Wickeln brauchen k\u00f6nnte inklusive Wechselw\u00e4sche&#8230;aber ich bin kein Freund von Wickelkommode, sondern schnappe mir lieber die Auflage und alles. was ich brauche und wickele entweder auf dem Teppich oder Sofa.<br \/>\noder eben unterwegs &#8211; denn ist es nicht einfach wunderbar, mit dem Baby im Tragetuch unterwegs zu sein?<\/p>\n<p><strong>Pflege<\/strong><\/p>\n<ul>\n<li>Windeln<\/li>\n<li>Feuchtt\u00fccher<\/li>\n<li>Wundschutzcreme<\/li>\n<li>Baby\u00f6l<\/li>\n<li>Spuckt\u00fccher, Handt\u00fccher, Fieberthermometer<\/li>\n<\/ul>\n<p>Ein ganz gro\u00dfes und unvermeidbares Thema, Windeln, Windeln und alles, was sich um die Pflege des Babys dreht. Wenn es dein erstes Baby ist, wirst du dich wundern, wie schnell ein Riesenvorrat an Windeln zur Neige gehen kann &#8211; und ganz besonders in welchen unm\u00f6glichen Situationen! Ob mitten in der Nacht oder an Feiertagen &#8211; <strong>Babys kennen kein Pardon :)!<\/strong> Ein gro\u00dfer Vorteil hier in England ist die M\u00f6glichkeit, online einzukaufen, so auch Windeln, Milch und alles, was man dringend braucht. Sicher gibt es aber auch so jemanden in deiner Familie oder im Freundeskreis, der im Notfall losgeschickt werden kann. Alles andere, was du an Cremes ben\u00f6tigst,wird sich eigentlich erst nach der Geburt kl\u00e4ren &#8211; denn dann wei\u00dft du, ob dein Baby eine empfindliche Haut hat, und was es genau an Pflege brauchen wird.<\/p>\n<p>&nbsp;<\/p>\n<p>&nbsp;<\/p>\n<p>&nbsp;<\/p>\n<p>&nbsp;<\/p>\n<p>&nbsp;<\/p>\n<p>&nbsp;<\/p>\n<p>&nbsp;<\/p>\n<p>&nbsp;<\/p>\n","protected":false},"excerpt":{"rendered":"<p>Wer erwartet diesen Sommer auch ein Kind? Wenn ich mich so umsehe auf den Stra\u00dfen Londons, habe ich das Gef\u00fchl, jede zweite Frau in meinem Umkreis ist schwanger. Auch im Freundeskreis gibt es einige Freundinnen, die gerade schwanger sind. Ob dieser Trend hier in England einfach nur aufgrund der Schwangerschaft von Kate und den vielen [&hellip;]<\/p>\n","protected":false},"author":1,"featured_media":0,"comment_status":"open","ping_status":"open","sticky":false,"template":"","format":"standard","meta":{"_yoast_wpseo_title":"","_yoast_wpseo_metadesc":""},"categories":[8],"tags":[],"yoast_head":"<!-- This site is optimized with the Yoast SEO plugin v16.7 - https:\/\/yoast.com\/wordpress\/plugins\/seo\/ -->\n<title>Was brauche ich f\u00fcr die Erstausstattung meines Babys? - Fotogeschenke Blog<\/title>\n<meta name=\"robots\" content=\"index, follow, max-snippet:-1, max-image-preview:large, max-video-preview:-1\" \/>\n<link rel=\"canonical\" href=\"https:\/\/www.originellefotogeschenke.de\/blog\/was-brauche-ich-fur-die-erstausstattung-meines-babys\/\" \/>\n<meta property=\"og:locale\" content=\"de_DE\" \/>\n<meta property=\"og:type\" content=\"article\" \/>\n<meta property=\"og:title\" content=\"Was brauche ich f\u00fcr die Erstausstattung meines Babys? - Fotogeschenke Blog\" \/>\n<meta property=\"og:description\" content=\"Wer erwartet diesen Sommer auch ein Kind? Wenn ich mich so umsehe auf den Stra\u00dfen Londons, habe ich das Gef\u00fchl, jede zweite Frau in meinem Umkreis ist schwanger. Auch im Freundeskreis gibt es einige Freundinnen, die gerade schwanger sind. Ob dieser Trend hier in England einfach nur aufgrund der Schwangerschaft von Kate und den vielen [&hellip;]\" \/>\n<meta property=\"og:url\" content=\"https:\/\/www.originellefotogeschenke.de\/blog\/was-brauche-ich-fur-die-erstausstattung-meines-babys\/\" \/>\n<meta property=\"og:site_name\" content=\"Fotogeschenke Blog\" \/>\n<meta property=\"article:published_time\" content=\"2013-05-23T13:19:45+00:00\" \/>\n<meta name=\"twitter:card\" content=\"summary_large_image\" \/>\n<meta name=\"twitter:label1\" content=\"Verfasst von\" \/>\n\t<meta name=\"twitter:data1\" content=\"Originelle Fotogeschenke\" \/>\n\t<meta name=\"twitter:label2\" content=\"Gesch\u00e4tzte Lesezeit\" \/>\n\t<meta name=\"twitter:data2\" content=\"3\u00a0Minuten\" \/>\n<script type=\"application\/ld+json\" class=\"yoast-schema-graph\">{\"@context\":\"https:\/\/schema.org\",\"@graph\":[{\"@type\":\"WebSite\",\"@id\":\"https:\/\/www.originellefotogeschenke.de\/blog\/#website\",\"url\":\"https:\/\/www.originellefotogeschenke.de\/blog\/\",\"name\":\"Fotogeschenke Blog\",\"description\":\"\",\"potentialAction\":[{\"@type\":\"SearchAction\",\"target\":{\"@type\":\"EntryPoint\",\"urlTemplate\":\"https:\/\/www.originellefotogeschenke.de\/blog\/?s={search_term_string}\"},\"query-input\":\"required name=search_term_string\"}],\"inLanguage\":\"de\"},{\"@type\":\"WebPage\",\"@id\":\"https:\/\/www.originellefotogeschenke.de\/blog\/was-brauche-ich-fur-die-erstausstattung-meines-babys\/#webpage\",\"url\":\"https:\/\/www.originellefotogeschenke.de\/blog\/was-brauche-ich-fur-die-erstausstattung-meines-babys\/\",\"name\":\"Was brauche ich f\\u00fcr die Erstausstattung meines Babys? - Fotogeschenke Blog\",\"isPartOf\":{\"@id\":\"https:\/\/www.originellefotogeschenke.de\/blog\/#website\"},\"datePublished\":\"2013-05-23T13:19:45+00:00\",\"dateModified\":\"2013-05-23T13:19:45+00:00\",\"author\":{\"@id\":\"https:\/\/www.originellefotogeschenke.de\/blog\/#\/schema\/person\/367aa327424ff90b12a58dbcf41f64d4\"},\"breadcrumb\":{\"@id\":\"https:\/\/www.originellefotogeschenke.de\/blog\/was-brauche-ich-fur-die-erstausstattung-meines-babys\/#breadcrumb\"},\"inLanguage\":\"de\",\"potentialAction\":[{\"@type\":\"ReadAction\",\"target\":[\"https:\/\/www.originellefotogeschenke.de\/blog\/was-brauche-ich-fur-die-erstausstattung-meines-babys\/\"]}]},{\"@type\":\"BreadcrumbList\",\"@id\":\"https:\/\/www.originellefotogeschenke.de\/blog\/was-brauche-ich-fur-die-erstausstattung-meines-babys\/#breadcrumb\",\"itemListElement\":[{\"@type\":\"ListItem\",\"position\":1,\"name\":\"Home\",\"item\":\"https:\/\/www.originellefotogeschenke.de\/blog\/\"},{\"@type\":\"ListItem\",\"position\":2,\"name\":\"Was brauche ich f\\u00fcr die Erstausstattung meines Babys?\"}]},{\"@type\":\"Person\",\"@id\":\"https:\/\/www.originellefotogeschenke.de\/blog\/#\/schema\/person\/367aa327424ff90b12a58dbcf41f64d4\",\"name\":\"Originelle Fotogeschenke\",\"image\":{\"@type\":\"ImageObject\",\"@id\":\"https:\/\/www.originellefotogeschenke.de\/blog\/#personlogo\",\"inLanguage\":\"de\",\"url\":\"https:\/\/secure.gravatar.com\/avatar\/94abd966e831335b1878b94e29bdb995?s=96&d=mm&r=g\",\"contentUrl\":\"https:\/\/secure.gravatar.com\/avatar\/94abd966e831335b1878b94e29bdb995?s=96&d=mm&r=g\",\"caption\":\"Originelle Fotogeschenke\"},\"url\":\"https:\/\/www.originellefotogeschenke.de\/blog\/author\/admin\/\"}]}<\/script>\n<!-- \/ Yoast SEO plugin. -->","yoast_head_json":{"title":"Was brauche ich f\u00fcr die Erstausstattung meines Babys? - Fotogeschenke Blog","robots":{"index":"index","follow":"follow","max-snippet":"max-snippet:-1","max-image-preview":"max-image-preview:large","max-video-preview":"max-video-preview:-1"},"canonical":"https:\/\/www.originellefotogeschenke.de\/blog\/was-brauche-ich-fur-die-erstausstattung-meines-babys\/","og_locale":"de_DE","og_type":"article","og_title":"Was brauche ich f\u00fcr die Erstausstattung meines Babys? - Fotogeschenke Blog","og_description":"Wer erwartet diesen Sommer auch ein Kind? Wenn ich mich so umsehe auf den Stra\u00dfen Londons, habe ich das Gef\u00fchl, jede zweite Frau in meinem Umkreis ist schwanger. Auch im Freundeskreis gibt es einige Freundinnen, die gerade schwanger sind. Ob dieser Trend hier in England einfach nur aufgrund der Schwangerschaft von Kate und den vielen [&hellip;]","og_url":"https:\/\/www.originellefotogeschenke.de\/blog\/was-brauche-ich-fur-die-erstausstattung-meines-babys\/","og_site_name":"Fotogeschenke Blog","article_published_time":"2013-05-23T13:19:45+00:00","twitter_card":"summary_large_image","twitter_misc":{"Verfasst von":"Originelle Fotogeschenke","Gesch\u00e4tzte Lesezeit":"3\u00a0Minuten"},"schema":{"@context":"https:\/\/schema.org","@graph":[{"@type":"WebSite","@id":"https:\/\/www.originellefotogeschenke.de\/blog\/#website","url":"https:\/\/www.originellefotogeschenke.de\/blog\/","name":"Fotogeschenke Blog","description":"","potentialAction":[{"@type":"SearchAction","target":{"@type":"EntryPoint","urlTemplate":"https:\/\/www.originellefotogeschenke.de\/blog\/?s={search_term_string}"},"query-input":"required name=search_term_string"}],"inLanguage":"de"},{"@type":"WebPage","@id":"https:\/\/www.originellefotogeschenke.de\/blog\/was-brauche-ich-fur-die-erstausstattung-meines-babys\/#webpage","url":"https:\/\/www.originellefotogeschenke.de\/blog\/was-brauche-ich-fur-die-erstausstattung-meines-babys\/","name":"Was brauche ich f\u00fcr die Erstausstattung meines Babys? - Fotogeschenke Blog","isPartOf":{"@id":"https:\/\/www.originellefotogeschenke.de\/blog\/#website"},"datePublished":"2013-05-23T13:19:45+00:00","dateModified":"2013-05-23T13:19:45+00:00","author":{"@id":"https:\/\/www.originellefotogeschenke.de\/blog\/#\/schema\/person\/367aa327424ff90b12a58dbcf41f64d4"},"breadcrumb":{"@id":"https:\/\/www.originellefotogeschenke.de\/blog\/was-brauche-ich-fur-die-erstausstattung-meines-babys\/#breadcrumb"},"inLanguage":"de","potentialAction":[{"@type":"ReadAction","target":["https:\/\/www.originellefotogeschenke.de\/blog\/was-brauche-ich-fur-die-erstausstattung-meines-babys\/"]}]},{"@type":"BreadcrumbList","@id":"https:\/\/www.originellefotogeschenke.de\/blog\/was-brauche-ich-fur-die-erstausstattung-meines-babys\/#breadcrumb","itemListElement":[{"@type":"ListItem","position":1,"name":"Home","item":"https:\/\/www.originellefotogeschenke.de\/blog\/"},{"@type":"ListItem","position":2,"name":"Was brauche ich f\u00fcr die Erstausstattung meines Babys?"}]},{"@type":"Person","@id":"https:\/\/www.originellefotogeschenke.de\/blog\/#\/schema\/person\/367aa327424ff90b12a58dbcf41f64d4","name":"Originelle Fotogeschenke","image":{"@type":"ImageObject","@id":"https:\/\/www.originellefotogeschenke.de\/blog\/#personlogo","inLanguage":"de","url":"https:\/\/secure.gravatar.com\/avatar\/94abd966e831335b1878b94e29bdb995?s=96&d=mm&r=g","contentUrl":"https:\/\/secure.gravatar.com\/avatar\/94abd966e831335b1878b94e29bdb995?s=96&d=mm&r=g","caption":"Originelle Fotogeschenke"},"url":"https:\/\/www.originellefotogeschenke.de\/blog\/author\/admin\/"}]}},"_links":{"self":[{"href":"https:\/\/www.originellefotogeschenke.de\/blog\/wp-json\/wp\/v2\/posts\/4760"}],"collection":[{"href":"https:\/\/www.originellefotogeschenke.de\/blog\/wp-json\/wp\/v2\/posts"}],"about":[{"href":"https:\/\/www.originellefotogeschenke.de\/blog\/wp-json\/wp\/v2\/types\/post"}],"author":[{"embeddable":true,"href":"https:\/\/www.originellefotogeschenke.de\/blog\/wp-json\/wp\/v2\/users\/1"}],"replies":[{"embeddable":true,"href":"https:\/\/www.originellefotogeschenke.de\/blog\/wp-json\/wp\/v2\/comments?post=4760"}],"version-history":[{"count":11,"href":"https:\/\/www.originellefotogeschenke.de\/blog\/wp-json\/wp\/v2\/posts\/4760\/revisions"}],"predecessor-version":[{"id":4771,"href":"https:\/\/www.originellefotogeschenke.de\/blog\/wp-json\/wp\/v2\/posts\/4760\/revisions\/4771"}],"wp:attachment":[{"href":"https:\/\/www.originellefotogeschenke.de\/blog\/wp-json\/wp\/v2\/media?parent=4760"}],"wp:term":[{"taxonomy":"category","embeddable":true,"href":"https:\/\/www.originellefotogeschenke.de\/blog\/wp-json\/wp\/v2\/categories?post=4760"},{"taxonomy":"post_tag","embeddable":true,"href":"https:\/\/www.originellefotogeschenke.de\/blog\/wp-json\/wp\/v2\/tags?post=4760"}],"curies":[{"name":"wp","href":"https:\/\/api.w.org\/{rel}","templated":true}]}}