{"id":4529,"date":"2013-04-19T15:38:29","date_gmt":"2013-04-19T15:38:29","guid":{"rendered":"\/blog\/?p=4529"},"modified":"2020-08-25T10:46:07","modified_gmt":"2020-08-25T09:46:07","slug":"abschiedsgeschenke-mit-fotos-selber-gestalten","status":"publish","type":"post","link":"https:\/\/www.originellefotogeschenke.de\/blog\/abschiedsgeschenke-mit-fotos-selber-gestalten\/","title":{"rendered":"Abschiedsgeschenke mit Fotos selber gestalten"},"content":{"rendered":"\n<div class=\"wp-block-image\"><figure class=\"alignleft\"><img loading=\"lazy\" width=\"277\" height=\"184\" src=\"\/blog\/wp-content\/uploads\/2013\/03\/birdy-luggage.jpg\" alt=\"birdy von Originelle Fotogeschenke mit Koffer\" class=\"wp-image-4424\"\/><\/figure><\/div>\n\n\n\n<p><em>&#8218;<span style=\"color: #008000;\">Beim Abschie<\/span><\/em><span style=\"color: #008000;\"><em><\/em><em>d wird uns oft erst klar, wie kostbar jeder Moment doch war.<\/em><\/span><br><span style=\"color: #008000;\"> <em> W\u00e4re dieser Ab<\/em><em>schied nicht, h\u00e4tte die Zeit davor wenig Gewicht.&#8216;<\/em><\/span><\/p>\n\n\n\n<p><em>Finde hier ein <\/em><em>paar Ideen f\u00fcr <a title=\"Abschiedsgeschenke\" href=\"https:\/\/www.originellefotogeschenke.de\/abschiedsgeschenke.aspx\" target=\"_blank\" rel=\"noopener noreferrer\">Abschiedsgeschenke<\/a> f\u00fcr Freunde, Kollegen, Kinder oder auch Lehrer und Erzieher, denen du etwas Sch\u00f6nes und Pers\u00f6nliches mit auf den Weg geben m\u00f6chtest.<\/em><\/p>\n\n\n\n<h3>Warum fallen uns Abschiede eigentlich so schwer?<\/h3>\n\n\n\n<p>Egal ob es Freunde sind, mit denen man seine Kindheit verbracht hat, Kollegen, die man nur ein paar Monate kannte und mit ihnen gearbeitet hat oder Kinder, die man als Erzieher oder Lehrer in der Schule betreut hat &#8211; <strong>Abschiede sind f\u00fcrchterlich schwer.<\/strong><\/p>\n\n\n\n<p>Zumindest geht es mir so. Ja, ich bekenne mich dazu, Abschiede sind absout nicht meins. Schon Wochen zuvor fiebere ich dem Tag des Abschieds entgegen, aber nicht mit Freude oder Spannung, nein, im Gegenteil. Ich kann kaum schlafen, ich werde sentimental und schwelge in Erinnerungen. Was haben wir doch f\u00fcr sch\u00f6ne Momente miteinander verbracht, wieviele Male uns den Kopf \u00fcber Fragen und Probleme auf der Arbeit zerbrochen, gestritten, gelacht, geweint. Kinder, die man jahrelang in ihrer Entwicklung begleitet hat, sie im Kindergarten aufgenommen hat, als sie Kleinkinder waren und die jetzt als gro\u00dfe und selbstbewusste Kinder in die Schule kommen&#8230;Und jetzt soll all dies einfach so zu Ende sein?<br><strong>Ich kenne wirklich keinen, dem Abschiede nicht schwer fallen. Ich kenne nur Leute, die sich nicht offen dazu bekennen.<\/strong><\/p>\n\n\n\n<p>Abschiede sind so schwer, weil man ein St\u00fcck Vertrautheit und Gewohnheit abgibt, oftmals ungewollt. Liebgewonnene Freunde und auch Kollegen verlassen einen, dies nimmt jeden mit, auch wenn man wei\u00df, dass es f\u00fcr den anderen das Beste ist &#8211; und genau das w\u00fcnschen wir allen Freunden ja auch, oder? Mir fallen an manchen Tagen schon die kleinsten Abschiede schwer, je nach Stimmung sogar morgens das Verabschieden vor der Arbeit von den Lieben &#8211; auch wenn ich wei\u00df, dass wir uns abends wiedersehen. Komisch, oder?<\/p>\n\n\n\n<div class=\"wp-block-image\"><figure class=\"aligncenter\"><img loading=\"lazy\" width=\"4368\" height=\"2912\" src=\"\/blog\/wp-content\/uploads\/2013\/04\/shutterstock_94508959.jpg\" alt=\"Foto von Freunden\" class=\"wp-image-4539\" srcset=\"https:\/\/www.originellefotogeschenke.de\/blog\/wp-content\/uploads\/2013\/04\/shutterstock_94508959.jpg 4368w, https:\/\/www.originellefotogeschenke.de\/blog\/wp-content\/uploads\/2013\/04\/shutterstock_94508959-300x200.jpg 300w, https:\/\/www.originellefotogeschenke.de\/blog\/wp-content\/uploads\/2013\/04\/shutterstock_94508959-1024x682.jpg 1024w\" sizes=\"(max-width: 4368px) 100vw, 4368px\" \/><\/figure><\/div>\n\n\n\n<h2>Die passenden Geschenke zum Abschied finden<\/h2>\n\n\n\n<p>F\u00fcr Freunde, die ins Ausland gehen, f\u00fcr Kollegen, die in den Ruhestand gehen oder die einen Jobwechsel vor sich haben, f\u00fcr Kinder, die in die Schule kommen oder auch f\u00fcr Lehrer und Erzieher, bei denen man sich f\u00fcr die vergangenen Jahre bedanken m\u00f6chte, gibt es w<strong>underbare und passende Geschenke zum Abschied.<\/strong><\/p>\n\n\n\n<div class=\"wp-block-image\"><figure class=\"aligncenter\"><a href=\"https:\/\/www.originellefotogeschenke.de\/abschiedsgeschenke.aspx\"><img loading=\"lazy\" width=\"948\" height=\"718\" src=\"\/blog\/wp-content\/uploads\/2013\/04\/abschied5.jpg\" alt=\"sAbschiedsgeschenke mit Fotos\" class=\"wp-image-4544\" srcset=\"https:\/\/www.originellefotogeschenke.de\/blog\/wp-content\/uploads\/2013\/04\/abschied5.jpg 948w, https:\/\/www.originellefotogeschenke.de\/blog\/wp-content\/uploads\/2013\/04\/abschied5-300x227.jpg 300w\" sizes=\"(max-width: 948px) 100vw, 948px\" \/><\/a><\/figure><\/div>\n\n\n\n<p>&nbsp;Aus diesem Grund haben wir jetzt <a title=\"hier\" href=\"https:\/\/www.originellefotogeschenke.de\" target=\"_blank\" rel=\"noopener noreferrer\">hier&nbsp;<\/a>eine neue Kategorie, auf der du schnell und einfach nachsehen kannst, zu welchem Anlass du Abschiedsgeschenke suchst und hoffentlich ein paar sch\u00f6ne Anregungen finden kannst.<\/p>\n","protected":false},"excerpt":{"rendered":"<p>&#8218;Beim Abschied wird uns oft erst klar, wie kostbar jeder Moment doch war. W\u00e4re dieser Abschied nicht, h\u00e4tte die Zeit davor wenig Gewicht.&#8216; Finde hier ein paar Ideen f\u00fcr Abschiedsgeschenke f\u00fcr Freunde, Kollegen, Kinder oder auch Lehrer und Erzieher, denen du etwas Sch\u00f6nes und Pers\u00f6nliches mit auf den Weg geben m\u00f6chtest. Warum fallen uns Abschiede [&hellip;]<\/p>\n","protected":false},"author":1,"featured_media":0,"comment_status":"open","ping_status":"open","sticky":false,"template":"","format":"standard","meta":{"_yoast_wpseo_title":"%%title%% %%sep%% Blog","_yoast_wpseo_metadesc":""},"categories":[1],"tags":[],"yoast_head":"<!-- This site is optimized with the Yoast SEO plugin v16.7 - https:\/\/yoast.com\/wordpress\/plugins\/seo\/ -->\n<title>Abschiedsgeschenke mit Fotos selber gestalten - Blog<\/title>\n<meta name=\"robots\" content=\"index, follow, max-snippet:-1, max-image-preview:large, max-video-preview:-1\" \/>\n<link rel=\"canonical\" href=\"https:\/\/www.originellefotogeschenke.de\/blog\/abschiedsgeschenke-mit-fotos-selber-gestalten\/\" \/>\n<meta property=\"og:locale\" content=\"de_DE\" \/>\n<meta property=\"og:type\" content=\"article\" \/>\n<meta property=\"og:title\" content=\"Abschiedsgeschenke mit Fotos selber gestalten - Blog\" \/>\n<meta property=\"og:description\" content=\"&#8218;Beim Abschied wird uns oft erst klar, wie kostbar jeder Moment doch war. W\u00e4re dieser Abschied nicht, h\u00e4tte die Zeit davor wenig Gewicht.&#8216; Finde hier ein paar Ideen f\u00fcr Abschiedsgeschenke f\u00fcr Freunde, Kollegen, Kinder oder auch Lehrer und Erzieher, denen du etwas Sch\u00f6nes und Pers\u00f6nliches mit auf den Weg geben m\u00f6chtest. Warum fallen uns Abschiede [&hellip;]\" \/>\n<meta property=\"og:url\" content=\"https:\/\/www.originellefotogeschenke.de\/blog\/abschiedsgeschenke-mit-fotos-selber-gestalten\/\" \/>\n<meta property=\"og:site_name\" content=\"Fotogeschenke Blog\" \/>\n<meta property=\"article:published_time\" content=\"2013-04-19T15:38:29+00:00\" \/>\n<meta property=\"article:modified_time\" content=\"2020-08-25T09:46:07+00:00\" \/>\n<meta property=\"og:image\" content=\"https:\/\/www.originellefotogeschenke.de\/blog\/wp-content\/uploads\/2013\/03\/birdy-luggage.jpg\" \/>\n<meta name=\"twitter:card\" content=\"summary_large_image\" \/>\n<meta name=\"twitter:label1\" content=\"Verfasst von\" \/>\n\t<meta name=\"twitter:data1\" content=\"Originelle Fotogeschenke\" \/>\n\t<meta name=\"twitter:label2\" content=\"Gesch\u00e4tzte Lesezeit\" \/>\n\t<meta name=\"twitter:data2\" content=\"2\u00a0Minuten\" \/>\n<script type=\"application\/ld+json\" class=\"yoast-schema-graph\">{\"@context\":\"https:\/\/schema.org\",\"@graph\":[{\"@type\":\"WebSite\",\"@id\":\"https:\/\/www.originellefotogeschenke.de\/blog\/#website\",\"url\":\"https:\/\/www.originellefotogeschenke.de\/blog\/\",\"name\":\"Fotogeschenke Blog\",\"description\":\"\",\"potentialAction\":[{\"@type\":\"SearchAction\",\"target\":{\"@type\":\"EntryPoint\",\"urlTemplate\":\"https:\/\/www.originellefotogeschenke.de\/blog\/?s={search_term_string}\"},\"query-input\":\"required name=search_term_string\"}],\"inLanguage\":\"de\"},{\"@type\":\"ImageObject\",\"@id\":\"https:\/\/www.originellefotogeschenke.de\/blog\/abschiedsgeschenke-mit-fotos-selber-gestalten\/#primaryimage\",\"inLanguage\":\"de\",\"url\":\"\/blog\/wp-content\/uploads\/2013\/03\/birdy-luggage.jpg\",\"contentUrl\":\"\/blog\/wp-content\/uploads\/2013\/03\/birdy-luggage.jpg\"},{\"@type\":\"WebPage\",\"@id\":\"https:\/\/www.originellefotogeschenke.de\/blog\/abschiedsgeschenke-mit-fotos-selber-gestalten\/#webpage\",\"url\":\"https:\/\/www.originellefotogeschenke.de\/blog\/abschiedsgeschenke-mit-fotos-selber-gestalten\/\",\"name\":\"Abschiedsgeschenke mit Fotos selber gestalten - Blog\",\"isPartOf\":{\"@id\":\"https:\/\/www.originellefotogeschenke.de\/blog\/#website\"},\"primaryImageOfPage\":{\"@id\":\"https:\/\/www.originellefotogeschenke.de\/blog\/abschiedsgeschenke-mit-fotos-selber-gestalten\/#primaryimage\"},\"datePublished\":\"2013-04-19T15:38:29+00:00\",\"dateModified\":\"2020-08-25T09:46:07+00:00\",\"author\":{\"@id\":\"https:\/\/www.originellefotogeschenke.de\/blog\/#\/schema\/person\/367aa327424ff90b12a58dbcf41f64d4\"},\"breadcrumb\":{\"@id\":\"https:\/\/www.originellefotogeschenke.de\/blog\/abschiedsgeschenke-mit-fotos-selber-gestalten\/#breadcrumb\"},\"inLanguage\":\"de\",\"potentialAction\":[{\"@type\":\"ReadAction\",\"target\":[\"https:\/\/www.originellefotogeschenke.de\/blog\/abschiedsgeschenke-mit-fotos-selber-gestalten\/\"]}]},{\"@type\":\"BreadcrumbList\",\"@id\":\"https:\/\/www.originellefotogeschenke.de\/blog\/abschiedsgeschenke-mit-fotos-selber-gestalten\/#breadcrumb\",\"itemListElement\":[{\"@type\":\"ListItem\",\"position\":1,\"name\":\"Home\",\"item\":\"https:\/\/www.originellefotogeschenke.de\/blog\/\"},{\"@type\":\"ListItem\",\"position\":2,\"name\":\"Abschiedsgeschenke mit Fotos selber gestalten\"}]},{\"@type\":\"Person\",\"@id\":\"https:\/\/www.originellefotogeschenke.de\/blog\/#\/schema\/person\/367aa327424ff90b12a58dbcf41f64d4\",\"name\":\"Originelle Fotogeschenke\",\"image\":{\"@type\":\"ImageObject\",\"@id\":\"https:\/\/www.originellefotogeschenke.de\/blog\/#personlogo\",\"inLanguage\":\"de\",\"url\":\"https:\/\/secure.gravatar.com\/avatar\/94abd966e831335b1878b94e29bdb995?s=96&d=mm&r=g\",\"contentUrl\":\"https:\/\/secure.gravatar.com\/avatar\/94abd966e831335b1878b94e29bdb995?s=96&d=mm&r=g\",\"caption\":\"Originelle Fotogeschenke\"},\"url\":\"https:\/\/www.originellefotogeschenke.de\/blog\/author\/admin\/\"}]}<\/script>\n<!-- \/ Yoast SEO plugin. -->","yoast_head_json":{"title":"Abschiedsgeschenke mit Fotos selber gestalten - Blog","robots":{"index":"index","follow":"follow","max-snippet":"max-snippet:-1","max-image-preview":"max-image-preview:large","max-video-preview":"max-video-preview:-1"},"canonical":"https:\/\/www.originellefotogeschenke.de\/blog\/abschiedsgeschenke-mit-fotos-selber-gestalten\/","og_locale":"de_DE","og_type":"article","og_title":"Abschiedsgeschenke mit Fotos selber gestalten - Blog","og_description":"&#8218;Beim Abschied wird uns oft erst klar, wie kostbar jeder Moment doch war. W\u00e4re dieser Abschied nicht, h\u00e4tte die Zeit davor wenig Gewicht.&#8216; Finde hier ein paar Ideen f\u00fcr Abschiedsgeschenke f\u00fcr Freunde, Kollegen, Kinder oder auch Lehrer und Erzieher, denen du etwas Sch\u00f6nes und Pers\u00f6nliches mit auf den Weg geben m\u00f6chtest. Warum fallen uns Abschiede [&hellip;]","og_url":"https:\/\/www.originellefotogeschenke.de\/blog\/abschiedsgeschenke-mit-fotos-selber-gestalten\/","og_site_name":"Fotogeschenke Blog","article_published_time":"2013-04-19T15:38:29+00:00","article_modified_time":"2020-08-25T09:46:07+00:00","og_image":[{"url":"https:\/\/www.originellefotogeschenke.de\/blog\/wp-content\/uploads\/2013\/03\/birdy-luggage.jpg"}],"twitter_card":"summary_large_image","twitter_misc":{"Verfasst von":"Originelle Fotogeschenke","Gesch\u00e4tzte Lesezeit":"2\u00a0Minuten"},"schema":{"@context":"https:\/\/schema.org","@graph":[{"@type":"WebSite","@id":"https:\/\/www.originellefotogeschenke.de\/blog\/#website","url":"https:\/\/www.originellefotogeschenke.de\/blog\/","name":"Fotogeschenke Blog","description":"","potentialAction":[{"@type":"SearchAction","target":{"@type":"EntryPoint","urlTemplate":"https:\/\/www.originellefotogeschenke.de\/blog\/?s={search_term_string}"},"query-input":"required name=search_term_string"}],"inLanguage":"de"},{"@type":"ImageObject","@id":"https:\/\/www.originellefotogeschenke.de\/blog\/abschiedsgeschenke-mit-fotos-selber-gestalten\/#primaryimage","inLanguage":"de","url":"\/blog\/wp-content\/uploads\/2013\/03\/birdy-luggage.jpg","contentUrl":"\/blog\/wp-content\/uploads\/2013\/03\/birdy-luggage.jpg"},{"@type":"WebPage","@id":"https:\/\/www.originellefotogeschenke.de\/blog\/abschiedsgeschenke-mit-fotos-selber-gestalten\/#webpage","url":"https:\/\/www.originellefotogeschenke.de\/blog\/abschiedsgeschenke-mit-fotos-selber-gestalten\/","name":"Abschiedsgeschenke mit Fotos selber gestalten - Blog","isPartOf":{"@id":"https:\/\/www.originellefotogeschenke.de\/blog\/#website"},"primaryImageOfPage":{"@id":"https:\/\/www.originellefotogeschenke.de\/blog\/abschiedsgeschenke-mit-fotos-selber-gestalten\/#primaryimage"},"datePublished":"2013-04-19T15:38:29+00:00","dateModified":"2020-08-25T09:46:07+00:00","author":{"@id":"https:\/\/www.originellefotogeschenke.de\/blog\/#\/schema\/person\/367aa327424ff90b12a58dbcf41f64d4"},"breadcrumb":{"@id":"https:\/\/www.originellefotogeschenke.de\/blog\/abschiedsgeschenke-mit-fotos-selber-gestalten\/#breadcrumb"},"inLanguage":"de","potentialAction":[{"@type":"ReadAction","target":["https:\/\/www.originellefotogeschenke.de\/blog\/abschiedsgeschenke-mit-fotos-selber-gestalten\/"]}]},{"@type":"BreadcrumbList","@id":"https:\/\/www.originellefotogeschenke.de\/blog\/abschiedsgeschenke-mit-fotos-selber-gestalten\/#breadcrumb","itemListElement":[{"@type":"ListItem","position":1,"name":"Home","item":"https:\/\/www.originellefotogeschenke.de\/blog\/"},{"@type":"ListItem","position":2,"name":"Abschiedsgeschenke mit Fotos selber gestalten"}]},{"@type":"Person","@id":"https:\/\/www.originellefotogeschenke.de\/blog\/#\/schema\/person\/367aa327424ff90b12a58dbcf41f64d4","name":"Originelle Fotogeschenke","image":{"@type":"ImageObject","@id":"https:\/\/www.originellefotogeschenke.de\/blog\/#personlogo","inLanguage":"de","url":"https:\/\/secure.gravatar.com\/avatar\/94abd966e831335b1878b94e29bdb995?s=96&d=mm&r=g","contentUrl":"https:\/\/secure.gravatar.com\/avatar\/94abd966e831335b1878b94e29bdb995?s=96&d=mm&r=g","caption":"Originelle Fotogeschenke"},"url":"https:\/\/www.originellefotogeschenke.de\/blog\/author\/admin\/"}]}},"_links":{"self":[{"href":"https:\/\/www.originellefotogeschenke.de\/blog\/wp-json\/wp\/v2\/posts\/4529"}],"collection":[{"href":"https:\/\/www.originellefotogeschenke.de\/blog\/wp-json\/wp\/v2\/posts"}],"about":[{"href":"https:\/\/www.originellefotogeschenke.de\/blog\/wp-json\/wp\/v2\/types\/post"}],"author":[{"embeddable":true,"href":"https:\/\/www.originellefotogeschenke.de\/blog\/wp-json\/wp\/v2\/users\/1"}],"replies":[{"embeddable":true,"href":"https:\/\/www.originellefotogeschenke.de\/blog\/wp-json\/wp\/v2\/comments?post=4529"}],"version-history":[{"count":18,"href":"https:\/\/www.originellefotogeschenke.de\/blog\/wp-json\/wp\/v2\/posts\/4529\/revisions"}],"predecessor-version":[{"id":9253,"href":"https:\/\/www.originellefotogeschenke.de\/blog\/wp-json\/wp\/v2\/posts\/4529\/revisions\/9253"}],"wp:attachment":[{"href":"https:\/\/www.originellefotogeschenke.de\/blog\/wp-json\/wp\/v2\/media?parent=4529"}],"wp:term":[{"taxonomy":"category","embeddable":true,"href":"https:\/\/www.originellefotogeschenke.de\/blog\/wp-json\/wp\/v2\/categories?post=4529"},{"taxonomy":"post_tag","embeddable":true,"href":"https:\/\/www.originellefotogeschenke.de\/blog\/wp-json\/wp\/v2\/tags?post=4529"}],"curies":[{"name":"wp","href":"https:\/\/api.w.org\/{rel}","templated":true}]}}