{"id":2382,"date":"2012-04-19T11:17:45","date_gmt":"2012-04-19T11:17:45","guid":{"rendered":"\/blog\/?p=2382"},"modified":"2020-08-25T10:54:58","modified_gmt":"2020-08-25T09:54:58","slug":"geschenk-fuer-papa-mit-foto","status":"publish","type":"post","link":"https:\/\/www.originellefotogeschenke.de\/blog\/geschenk-fuer-papa-mit-foto\/","title":{"rendered":"Geschenk f\u00fcr Papa mit Foto"},"content":{"rendered":"\n<h2>Wunderbare Fotogeschenke selber gestalten<\/h2>\n\n\n\n<div class=\"wp-block-image\"><figure class=\"alignright\"><img loading=\"lazy\" width=\"100\" height=\"74\" src=\"\/blog\/wp-content\/uploads\/2012\/04\/1205795_father_and_son.jpg\" alt=\"vater mit sohn am meer\" class=\"wp-image-2385\" title=\"vater mit sohn am meer\"\/><\/figure><\/div>\n\n\n\n<p>Am 17. Mai ist schon Vatertag, nur noch ein paar Wochen bis dahin. Erinnert ihr euch noch an die Zeiten eurer Kindheit, in der der Vatertag eher ein Anlass f\u00fcr M\u00e4nner war, sich zu gemeinsamen Touren zu treffen, vielleicht eine Radtour zu machen, mit dem Bollerwagen loszuziehen und aus dem ganzen eher einen Tag f\u00fcr M\u00e4nner zu machen und den eigentlichen Sinn, dem Zusammensein des Vaters mit seiner Familie, leider ein wenig aus den Augen&nbsp; verloren zu haben. Aber zum Gl\u00fcck erlebt man in den letzten Jahren einen Trend, der wieder mehr zur\u00fcck zur Familie f\u00fchrt.<br>Viele V\u00e4ter wollen genau an diesem Tag die wertvolle Zeit mit ihren Kindern nutzen, entweder ganz enstpannt zuhause oder auch auf gemeinsamen Ausfl\u00fcgen. Und was k\u00f6nnte es sch\u00f6neres geben, wenn die Kinder ein <a title=\"Geschenk f\u00fcr Papa selbst gestalten\" href=\"https:\/\/www.originellefotogeschenke.de\/vatertagsgeschenke.aspx\" target=\"_blank\" rel=\"noopener noreferrer\">Geschenk f\u00fcr Papa selber gestalten<\/a> k\u00f6nnen und ihm dann am Morgen des Vatertages mit ihrem Geschenk zum Vatertag eine Freude machen werden?<\/p>\n\n\n\n<h3>Zum Vatertag ein Geschenk f\u00fcr Papa mit Foto<\/h3>\n\n\n\n<div class=\"wp-block-image\"><figure class=\"aligncenter\"><a href=\"\/blog\/wp-content\/uploads\/2012\/04\/softcover-fotobuch-handabdruck.jpg\"><img loading=\"lazy\" width=\"830\" height=\"338\" src=\"\/blog\/wp-content\/uploads\/2012\/04\/softcover-fotobuch-handabdruck.jpg\" alt=\"softcover fotobuch handabdruck\" class=\"wp-image-2386\" title=\"softcover fotobuch handabdruck\" srcset=\"https:\/\/www.originellefotogeschenke.de\/blog\/wp-content\/uploads\/2012\/04\/softcover-fotobuch-handabdruck.jpg 830w, https:\/\/www.originellefotogeschenke.de\/blog\/wp-content\/uploads\/2012\/04\/softcover-fotobuch-handabdruck-300x122.jpg 300w\" sizes=\"(max-width: 830px) 100vw, 830px\" \/><\/a><\/figure><\/div>\n\n\n\n<p>Es gibt soviele Ideen, wie Kinder entweder alleine oder auch mit ein wenig Hilfe der Mutter tolle Geschenke f\u00fcr ihren Papa gestalten k\u00f6nnen. Besonders sch\u00f6n finde ich ein <a title=\"kleines Fotobuch mit Softcover\" href=\"https:\/\/www.originellefotogeschenke.de\/produkte\/softcover-fotobuch.aspx\" target=\"_blank\" rel=\"noopener noreferrer\">kleines Fotobuch mit Softcover<\/a><strong>, <\/strong>welches Seite um Seite mit eigenen Fotos, Bildern und auch Texten gestaltet werden kann. Auch das Cover kann komplett selber entworfen werden \u2013 und das alles ganz einfach am Computer. So k\u00f6nnen Kinder Bilder malen, die sie mit Hilfe der Mutter dann einscannen k\u00f6nnen und so als Gestaltung einer Seite des Buches verwenden k\u00f6nnen.<br>Auch Spr\u00fcche, passend zum Vatertag, vielleicht sogar eigene lustige Spr\u00fcche des Kindes, die dem Vater sicher viel bedeuten werden.<\/p>\n\n\n\n<p><span style=\"color: #3366ff;\"><em>Lieber Papa, ich lieb dich so fest wie der Baum seine \u00c4ste, <\/em><\/span><br><span style=\"color: #3366ff;\"><em> wie der Himmel seine Sterne, grad so hab ich dich gerne!<\/em><\/span><\/p>\n\n\n\n<h3>Wie Kinder Geschenke f\u00fcr Papas einfach entwerfen k\u00f6nnen<\/h3>\n\n\n\n<div class=\"wp-block-image\"><figure class=\"alignright\"><img loading=\"lazy\" width=\"300\" height=\"300\" src=\"\/blog\/wp-content\/uploads\/2012\/04\/acrylglas-foto-familie-800-300x300.jpg\" alt=\"acrylglas foto familie in sw\" class=\"wp-image-2389\" title=\"acrylglas foto familie\" srcset=\"https:\/\/www.originellefotogeschenke.de\/blog\/wp-content\/uploads\/2012\/04\/acrylglas-foto-familie-800-300x300.jpg 300w, https:\/\/www.originellefotogeschenke.de\/blog\/wp-content\/uploads\/2012\/04\/acrylglas-foto-familie-800-150x150.jpg 150w, https:\/\/www.originellefotogeschenke.de\/blog\/wp-content\/uploads\/2012\/04\/acrylglas-foto-familie-800.jpg 800w\" sizes=\"(max-width: 300px) 100vw, 300px\" \/><\/figure><\/div>\n\n\n\n<p>Wunderbare Fotogeschenke k\u00f6nnen aber auch eine Leinwand mit Foto, ein Set an Tischsets mit eigenen Fotos oder auch ein <a title=\"Fotoblock aus Acrylglas\" href=\"https:\/\/www.originellefotogeschenke.de\/produkte\/acrylglas-foto.aspx\" target=\"_blank\" rel=\"noopener noreferrer\">Fotoblock aus Acrylglas<\/a> sein, welcher auf dem Schreibtisch im B\u00fcro der neue Hingucker werden kann. Wie Kinder Geschenke f\u00fcr Papas selber entwerfen k\u00f6nnen, ist mit dem einfach zu bedienenden Gestaltungsprogramm gekl\u00e4rt&#8230; jetzt muss man sich nur noch auf das <strong>perfekte Geschenk f\u00fcr Papa mit Foto<\/strong> einigen!<\/p>\n","protected":false},"excerpt":{"rendered":"<p>Wunderbare Fotogeschenke selber gestalten Am 17. Mai ist schon Vatertag, nur noch ein paar Wochen bis dahin. Erinnert ihr euch noch an die Zeiten eurer Kindheit, in der der Vatertag eher ein Anlass f\u00fcr M\u00e4nner war, sich zu gemeinsamen Touren zu treffen, vielleicht eine Radtour zu machen, mit dem Bollerwagen loszuziehen und aus dem ganzen [&hellip;]<\/p>\n","protected":false},"author":1,"featured_media":0,"comment_status":"open","ping_status":"open","sticky":false,"template":"","format":"standard","meta":{"_yoast_wpseo_title":"","_yoast_wpseo_metadesc":""},"categories":[6],"tags":[],"yoast_head":"<!-- This site is optimized with the Yoast SEO plugin v16.7 - https:\/\/yoast.com\/wordpress\/plugins\/seo\/ -->\n<title>Geschenk f\u00fcr Papa mit Foto - Fotogeschenke Blog<\/title>\n<meta name=\"robots\" content=\"index, follow, max-snippet:-1, max-image-preview:large, max-video-preview:-1\" \/>\n<link rel=\"canonical\" href=\"https:\/\/www.originellefotogeschenke.de\/blog\/geschenk-fuer-papa-mit-foto\/\" \/>\n<meta property=\"og:locale\" content=\"de_DE\" \/>\n<meta property=\"og:type\" content=\"article\" \/>\n<meta property=\"og:title\" content=\"Geschenk f\u00fcr Papa mit Foto - Fotogeschenke Blog\" \/>\n<meta property=\"og:description\" content=\"Wunderbare Fotogeschenke selber gestalten Am 17. Mai ist schon Vatertag, nur noch ein paar Wochen bis dahin. Erinnert ihr euch noch an die Zeiten eurer Kindheit, in der der Vatertag eher ein Anlass f\u00fcr M\u00e4nner war, sich zu gemeinsamen Touren zu treffen, vielleicht eine Radtour zu machen, mit dem Bollerwagen loszuziehen und aus dem ganzen [&hellip;]\" \/>\n<meta property=\"og:url\" content=\"https:\/\/www.originellefotogeschenke.de\/blog\/geschenk-fuer-papa-mit-foto\/\" \/>\n<meta property=\"og:site_name\" content=\"Fotogeschenke Blog\" \/>\n<meta property=\"article:published_time\" content=\"2012-04-19T11:17:45+00:00\" \/>\n<meta property=\"article:modified_time\" content=\"2020-08-25T09:54:58+00:00\" \/>\n<meta property=\"og:image\" content=\"https:\/\/www.originellefotogeschenke.de\/blog\/wp-content\/uploads\/2012\/04\/1205795_father_and_son.jpg\" \/>\n<meta name=\"twitter:card\" content=\"summary_large_image\" \/>\n<meta name=\"twitter:label1\" content=\"Verfasst von\" \/>\n\t<meta name=\"twitter:data1\" content=\"Originelle Fotogeschenke\" \/>\n\t<meta name=\"twitter:label2\" content=\"Gesch\u00e4tzte Lesezeit\" \/>\n\t<meta name=\"twitter:data2\" content=\"2\u00a0Minuten\" \/>\n<script type=\"application\/ld+json\" class=\"yoast-schema-graph\">{\"@context\":\"https:\/\/schema.org\",\"@graph\":[{\"@type\":\"WebSite\",\"@id\":\"https:\/\/www.originellefotogeschenke.de\/blog\/#website\",\"url\":\"https:\/\/www.originellefotogeschenke.de\/blog\/\",\"name\":\"Fotogeschenke Blog\",\"description\":\"\",\"potentialAction\":[{\"@type\":\"SearchAction\",\"target\":{\"@type\":\"EntryPoint\",\"urlTemplate\":\"https:\/\/www.originellefotogeschenke.de\/blog\/?s={search_term_string}\"},\"query-input\":\"required name=search_term_string\"}],\"inLanguage\":\"de\"},{\"@type\":\"ImageObject\",\"@id\":\"https:\/\/www.originellefotogeschenke.de\/blog\/geschenk-fuer-papa-mit-foto\/#primaryimage\",\"inLanguage\":\"de\",\"url\":\"\/blog\/wp-content\/uploads\/2012\/04\/1205795_father_and_son.jpg\",\"contentUrl\":\"\/blog\/wp-content\/uploads\/2012\/04\/1205795_father_and_son.jpg\"},{\"@type\":\"WebPage\",\"@id\":\"https:\/\/www.originellefotogeschenke.de\/blog\/geschenk-fuer-papa-mit-foto\/#webpage\",\"url\":\"https:\/\/www.originellefotogeschenke.de\/blog\/geschenk-fuer-papa-mit-foto\/\",\"name\":\"Geschenk f\\u00fcr Papa mit Foto - Fotogeschenke Blog\",\"isPartOf\":{\"@id\":\"https:\/\/www.originellefotogeschenke.de\/blog\/#website\"},\"primaryImageOfPage\":{\"@id\":\"https:\/\/www.originellefotogeschenke.de\/blog\/geschenk-fuer-papa-mit-foto\/#primaryimage\"},\"datePublished\":\"2012-04-19T11:17:45+00:00\",\"dateModified\":\"2020-08-25T09:54:58+00:00\",\"author\":{\"@id\":\"https:\/\/www.originellefotogeschenke.de\/blog\/#\/schema\/person\/367aa327424ff90b12a58dbcf41f64d4\"},\"breadcrumb\":{\"@id\":\"https:\/\/www.originellefotogeschenke.de\/blog\/geschenk-fuer-papa-mit-foto\/#breadcrumb\"},\"inLanguage\":\"de\",\"potentialAction\":[{\"@type\":\"ReadAction\",\"target\":[\"https:\/\/www.originellefotogeschenke.de\/blog\/geschenk-fuer-papa-mit-foto\/\"]}]},{\"@type\":\"BreadcrumbList\",\"@id\":\"https:\/\/www.originellefotogeschenke.de\/blog\/geschenk-fuer-papa-mit-foto\/#breadcrumb\",\"itemListElement\":[{\"@type\":\"ListItem\",\"position\":1,\"name\":\"Home\",\"item\":\"https:\/\/www.originellefotogeschenke.de\/blog\/\"},{\"@type\":\"ListItem\",\"position\":2,\"name\":\"Geschenk f\\u00fcr Papa mit Foto\"}]},{\"@type\":\"Person\",\"@id\":\"https:\/\/www.originellefotogeschenke.de\/blog\/#\/schema\/person\/367aa327424ff90b12a58dbcf41f64d4\",\"name\":\"Originelle Fotogeschenke\",\"image\":{\"@type\":\"ImageObject\",\"@id\":\"https:\/\/www.originellefotogeschenke.de\/blog\/#personlogo\",\"inLanguage\":\"de\",\"url\":\"https:\/\/secure.gravatar.com\/avatar\/94abd966e831335b1878b94e29bdb995?s=96&d=mm&r=g\",\"contentUrl\":\"https:\/\/secure.gravatar.com\/avatar\/94abd966e831335b1878b94e29bdb995?s=96&d=mm&r=g\",\"caption\":\"Originelle Fotogeschenke\"},\"url\":\"https:\/\/www.originellefotogeschenke.de\/blog\/author\/admin\/\"}]}<\/script>\n<!-- \/ Yoast SEO plugin. -->","yoast_head_json":{"title":"Geschenk f\u00fcr Papa mit Foto - Fotogeschenke Blog","robots":{"index":"index","follow":"follow","max-snippet":"max-snippet:-1","max-image-preview":"max-image-preview:large","max-video-preview":"max-video-preview:-1"},"canonical":"https:\/\/www.originellefotogeschenke.de\/blog\/geschenk-fuer-papa-mit-foto\/","og_locale":"de_DE","og_type":"article","og_title":"Geschenk f\u00fcr Papa mit Foto - Fotogeschenke Blog","og_description":"Wunderbare Fotogeschenke selber gestalten Am 17. Mai ist schon Vatertag, nur noch ein paar Wochen bis dahin. Erinnert ihr euch noch an die Zeiten eurer Kindheit, in der der Vatertag eher ein Anlass f\u00fcr M\u00e4nner war, sich zu gemeinsamen Touren zu treffen, vielleicht eine Radtour zu machen, mit dem Bollerwagen loszuziehen und aus dem ganzen [&hellip;]","og_url":"https:\/\/www.originellefotogeschenke.de\/blog\/geschenk-fuer-papa-mit-foto\/","og_site_name":"Fotogeschenke Blog","article_published_time":"2012-04-19T11:17:45+00:00","article_modified_time":"2020-08-25T09:54:58+00:00","og_image":[{"url":"https:\/\/www.originellefotogeschenke.de\/blog\/wp-content\/uploads\/2012\/04\/1205795_father_and_son.jpg"}],"twitter_card":"summary_large_image","twitter_misc":{"Verfasst von":"Originelle Fotogeschenke","Gesch\u00e4tzte Lesezeit":"2\u00a0Minuten"},"schema":{"@context":"https:\/\/schema.org","@graph":[{"@type":"WebSite","@id":"https:\/\/www.originellefotogeschenke.de\/blog\/#website","url":"https:\/\/www.originellefotogeschenke.de\/blog\/","name":"Fotogeschenke Blog","description":"","potentialAction":[{"@type":"SearchAction","target":{"@type":"EntryPoint","urlTemplate":"https:\/\/www.originellefotogeschenke.de\/blog\/?s={search_term_string}"},"query-input":"required name=search_term_string"}],"inLanguage":"de"},{"@type":"ImageObject","@id":"https:\/\/www.originellefotogeschenke.de\/blog\/geschenk-fuer-papa-mit-foto\/#primaryimage","inLanguage":"de","url":"\/blog\/wp-content\/uploads\/2012\/04\/1205795_father_and_son.jpg","contentUrl":"\/blog\/wp-content\/uploads\/2012\/04\/1205795_father_and_son.jpg"},{"@type":"WebPage","@id":"https:\/\/www.originellefotogeschenke.de\/blog\/geschenk-fuer-papa-mit-foto\/#webpage","url":"https:\/\/www.originellefotogeschenke.de\/blog\/geschenk-fuer-papa-mit-foto\/","name":"Geschenk f\u00fcr Papa mit Foto - Fotogeschenke Blog","isPartOf":{"@id":"https:\/\/www.originellefotogeschenke.de\/blog\/#website"},"primaryImageOfPage":{"@id":"https:\/\/www.originellefotogeschenke.de\/blog\/geschenk-fuer-papa-mit-foto\/#primaryimage"},"datePublished":"2012-04-19T11:17:45+00:00","dateModified":"2020-08-25T09:54:58+00:00","author":{"@id":"https:\/\/www.originellefotogeschenke.de\/blog\/#\/schema\/person\/367aa327424ff90b12a58dbcf41f64d4"},"breadcrumb":{"@id":"https:\/\/www.originellefotogeschenke.de\/blog\/geschenk-fuer-papa-mit-foto\/#breadcrumb"},"inLanguage":"de","potentialAction":[{"@type":"ReadAction","target":["https:\/\/www.originellefotogeschenke.de\/blog\/geschenk-fuer-papa-mit-foto\/"]}]},{"@type":"BreadcrumbList","@id":"https:\/\/www.originellefotogeschenke.de\/blog\/geschenk-fuer-papa-mit-foto\/#breadcrumb","itemListElement":[{"@type":"ListItem","position":1,"name":"Home","item":"https:\/\/www.originellefotogeschenke.de\/blog\/"},{"@type":"ListItem","position":2,"name":"Geschenk f\u00fcr Papa mit Foto"}]},{"@type":"Person","@id":"https:\/\/www.originellefotogeschenke.de\/blog\/#\/schema\/person\/367aa327424ff90b12a58dbcf41f64d4","name":"Originelle Fotogeschenke","image":{"@type":"ImageObject","@id":"https:\/\/www.originellefotogeschenke.de\/blog\/#personlogo","inLanguage":"de","url":"https:\/\/secure.gravatar.com\/avatar\/94abd966e831335b1878b94e29bdb995?s=96&d=mm&r=g","contentUrl":"https:\/\/secure.gravatar.com\/avatar\/94abd966e831335b1878b94e29bdb995?s=96&d=mm&r=g","caption":"Originelle Fotogeschenke"},"url":"https:\/\/www.originellefotogeschenke.de\/blog\/author\/admin\/"}]}},"_links":{"self":[{"href":"https:\/\/www.originellefotogeschenke.de\/blog\/wp-json\/wp\/v2\/posts\/2382"}],"collection":[{"href":"https:\/\/www.originellefotogeschenke.de\/blog\/wp-json\/wp\/v2\/posts"}],"about":[{"href":"https:\/\/www.originellefotogeschenke.de\/blog\/wp-json\/wp\/v2\/types\/post"}],"author":[{"embeddable":true,"href":"https:\/\/www.originellefotogeschenke.de\/blog\/wp-json\/wp\/v2\/users\/1"}],"replies":[{"embeddable":true,"href":"https:\/\/www.originellefotogeschenke.de\/blog\/wp-json\/wp\/v2\/comments?post=2382"}],"version-history":[{"count":11,"href":"https:\/\/www.originellefotogeschenke.de\/blog\/wp-json\/wp\/v2\/posts\/2382\/revisions"}],"predecessor-version":[{"id":9271,"href":"https:\/\/www.originellefotogeschenke.de\/blog\/wp-json\/wp\/v2\/posts\/2382\/revisions\/9271"}],"wp:attachment":[{"href":"https:\/\/www.originellefotogeschenke.de\/blog\/wp-json\/wp\/v2\/media?parent=2382"}],"wp:term":[{"taxonomy":"category","embeddable":true,"href":"https:\/\/www.originellefotogeschenke.de\/blog\/wp-json\/wp\/v2\/categories?post=2382"},{"taxonomy":"post_tag","embeddable":true,"href":"https:\/\/www.originellefotogeschenke.de\/blog\/wp-json\/wp\/v2\/tags?post=2382"}],"curies":[{"name":"wp","href":"https:\/\/api.w.org\/{rel}","templated":true}]}}