{"id":2268,"date":"2012-03-29T09:49:36","date_gmt":"2012-03-29T09:49:36","guid":{"rendered":"\/blog\/?p=2268"},"modified":"2020-08-25T10:55:43","modified_gmt":"2020-08-25T09:55:43","slug":"geschenk-zum-namenstag","status":"publish","type":"post","link":"https:\/\/www.originellefotogeschenke.de\/blog\/geschenk-zum-namenstag\/","title":{"rendered":"Geschenk mit Namen zum Namenstag"},"content":{"rendered":"\n<h3>Geschenk zum Namenstag gestalten<\/h3>\n\n\n\n<p>Besch\u00e4ftigt sich einer von euch mit Namenstagen oder seht ihr das als \u00fcberfl\u00fcssig an und seid der Meinung, dass Geburtstage und andere Anl\u00e4sse im Jahr ausreichen sollten? Heute ist \u00fcbrigens unter anderem der Name CLAUDIA dran, daher Gratulation an alle Claudias!<br>Da der Namestag eher eine katholische Tradition ist und seit dem Mittelalter darauf Wert gelegt wurde, dem Kind einen Heiligennamen zu geben, zumindest als Beiname, damit dieser dann der Patron und Schutzheilige des Kindes wird.<br>Heutzutage ist die Tradition nicht mehr ganz so urspr\u00fcnglich, jedoch kommt es vor, dass in streng katholischen Gebieten der Namenstag immer noch wichtiger als der Geburtstag des Kindes ist und auch dementsprechend gefeiert wird. Ein Geschenk mit Namen zum Namenstag ist daher eine passende Idee und eine willkommene \u00dcberraschung.<br>In der protestantischen Kirche gibt es bekanntlicherweise keine Heiligsprechungen, demnach ist es auch eher un\u00fcblich, die Namenstage zu feiern.<\/p>\n\n\n\n<div class=\"wp-block-image\"><figure class=\"aligncenter\"><img src=\"\/blog\/wp-content\/uploads\/2012\/03\/nackenrolle-mia-800.jpg\" alt=\"Nackenrolle mit Text Mia als Geschenk zum Namenstag\" class=\"wp-image-2271\" title=\"nackenrolle mia\"\/><\/figure><\/div>\n\n\n\n<h3>Online Geschenke mit Foto und Text entwerfen<\/h3>\n\n\n\n<p>Aber lassen wir mal die Religionszugeh\u00f6rigkeit aus dem Spiel, denn schlie\u00dflich geht es darum, wie man online Geschenke mit Foto und Text entwerfen kann. Und ich bin mir sicher, dass sich viele \u00fcber kreative Geschenkideen mit ihrem Namen freuen w\u00fcrden.<br>Die Nackenrolle ist ein Paradebeispiel f\u00fcr praktische und besondere Geschenke mit Namen zum Namenstag. In wahlweise zwei Schriftarten kannst du den jeweiligen Namen auf die <a title=\"Nackenrolle\" href=\"https:\/\/www.originellefotogeschenke.de\/nackenrolle-selbst-gestalten\" target=\"_blank\" rel=\"noopener noreferrer\">Nackenrolle<\/a> drucken lassen. W\u00e4hle einfach dein Lieblingsdesign und gebe den Namen an.<br>Viele andere Geschenke mit Fotos lassen&nbsp; sich selber mit Namen versehen. Das einfach zu bedienende Gestaltungsprogramm erm\u00f6glicht neben dem Hochladen von Fotos und Designs auch das Hinzuf\u00fcgen von Text.<\/p>\n\n\n\n<h2>Dein pers\u00f6nliches Geschenk mit Namen zum Namenstag<\/h2>\n\n\n\n<p>Ob nun zum Namenstag selber oder auch als <a title=\"Geschenk zum Geburtstag\" href=\"https:\/\/www.originellefotogeschenke.de\/geburtstagsgeschenke.aspx\" target=\"_blank\" rel=\"noopener noreferrer\">Geschenk zum Geburtstag<\/a> f\u00fcr Freunde, gestalte dein pers\u00f6nliches Geschenk mit Namen zum Namenstag. Eine weitere&nbsp; kreative und ausgefallene Idee ist auch die Tasche mit Text<strong>, <\/strong>die durch deinen Text, ob Namen oder auch andere Begriffe wie Lieblingsw\u00f6rter oder St\u00e4dtenamen, zu einem Unikat wird.<\/p>\n","protected":false},"excerpt":{"rendered":"<p>Geschenk zum Namenstag gestalten Besch\u00e4ftigt sich einer von euch mit Namenstagen oder seht ihr das als \u00fcberfl\u00fcssig an und seid der Meinung, dass Geburtstage und andere Anl\u00e4sse im Jahr ausreichen sollten? Heute ist \u00fcbrigens unter anderem der Name CLAUDIA dran, daher Gratulation an alle Claudias!Da der Namestag eher eine katholische Tradition ist und seit dem [&hellip;]<\/p>\n","protected":false},"author":1,"featured_media":0,"comment_status":"open","ping_status":"open","sticky":false,"template":"","format":"standard","meta":{"_yoast_wpseo_title":"","_yoast_wpseo_metadesc":""},"categories":[1],"tags":[],"yoast_head":"<!-- This site is optimized with the Yoast SEO plugin v16.7 - https:\/\/yoast.com\/wordpress\/plugins\/seo\/ -->\n<title>Geschenk mit Namen zum Namenstag - Fotogeschenke Blog<\/title>\n<meta name=\"robots\" content=\"index, follow, max-snippet:-1, max-image-preview:large, max-video-preview:-1\" \/>\n<link rel=\"canonical\" href=\"https:\/\/www.originellefotogeschenke.de\/blog\/geschenk-zum-namenstag\/\" \/>\n<meta property=\"og:locale\" content=\"de_DE\" \/>\n<meta property=\"og:type\" content=\"article\" \/>\n<meta property=\"og:title\" content=\"Geschenk mit Namen zum Namenstag - Fotogeschenke Blog\" \/>\n<meta property=\"og:description\" content=\"Geschenk zum Namenstag gestalten Besch\u00e4ftigt sich einer von euch mit Namenstagen oder seht ihr das als \u00fcberfl\u00fcssig an und seid der Meinung, dass Geburtstage und andere Anl\u00e4sse im Jahr ausreichen sollten? Heute ist \u00fcbrigens unter anderem der Name CLAUDIA dran, daher Gratulation an alle Claudias!Da der Namestag eher eine katholische Tradition ist und seit dem [&hellip;]\" \/>\n<meta property=\"og:url\" content=\"https:\/\/www.originellefotogeschenke.de\/blog\/geschenk-zum-namenstag\/\" \/>\n<meta property=\"og:site_name\" content=\"Fotogeschenke Blog\" \/>\n<meta property=\"article:published_time\" content=\"2012-03-29T09:49:36+00:00\" \/>\n<meta property=\"article:modified_time\" content=\"2020-08-25T09:55:43+00:00\" \/>\n<meta property=\"og:image\" content=\"https:\/\/www.originellefotogeschenke.de\/blog\/wp-content\/uploads\/2012\/03\/nackenrolle-mia-800.jpg\" \/>\n<meta name=\"twitter:card\" content=\"summary_large_image\" \/>\n<meta name=\"twitter:label1\" content=\"Verfasst von\" \/>\n\t<meta name=\"twitter:data1\" content=\"Originelle Fotogeschenke\" \/>\n\t<meta name=\"twitter:label2\" content=\"Gesch\u00e4tzte Lesezeit\" \/>\n\t<meta name=\"twitter:data2\" content=\"2\u00a0Minuten\" \/>\n<script type=\"application\/ld+json\" class=\"yoast-schema-graph\">{\"@context\":\"https:\/\/schema.org\",\"@graph\":[{\"@type\":\"WebSite\",\"@id\":\"https:\/\/www.originellefotogeschenke.de\/blog\/#website\",\"url\":\"https:\/\/www.originellefotogeschenke.de\/blog\/\",\"name\":\"Fotogeschenke Blog\",\"description\":\"\",\"potentialAction\":[{\"@type\":\"SearchAction\",\"target\":{\"@type\":\"EntryPoint\",\"urlTemplate\":\"https:\/\/www.originellefotogeschenke.de\/blog\/?s={search_term_string}\"},\"query-input\":\"required name=search_term_string\"}],\"inLanguage\":\"de\"},{\"@type\":\"ImageObject\",\"@id\":\"https:\/\/www.originellefotogeschenke.de\/blog\/geschenk-zum-namenstag\/#primaryimage\",\"inLanguage\":\"de\",\"url\":\"\/blog\/wp-content\/uploads\/2012\/03\/nackenrolle-mia-800.jpg\",\"contentUrl\":\"\/blog\/wp-content\/uploads\/2012\/03\/nackenrolle-mia-800.jpg\"},{\"@type\":\"WebPage\",\"@id\":\"https:\/\/www.originellefotogeschenke.de\/blog\/geschenk-zum-namenstag\/#webpage\",\"url\":\"https:\/\/www.originellefotogeschenke.de\/blog\/geschenk-zum-namenstag\/\",\"name\":\"Geschenk mit Namen zum Namenstag - Fotogeschenke Blog\",\"isPartOf\":{\"@id\":\"https:\/\/www.originellefotogeschenke.de\/blog\/#website\"},\"primaryImageOfPage\":{\"@id\":\"https:\/\/www.originellefotogeschenke.de\/blog\/geschenk-zum-namenstag\/#primaryimage\"},\"datePublished\":\"2012-03-29T09:49:36+00:00\",\"dateModified\":\"2020-08-25T09:55:43+00:00\",\"author\":{\"@id\":\"https:\/\/www.originellefotogeschenke.de\/blog\/#\/schema\/person\/367aa327424ff90b12a58dbcf41f64d4\"},\"breadcrumb\":{\"@id\":\"https:\/\/www.originellefotogeschenke.de\/blog\/geschenk-zum-namenstag\/#breadcrumb\"},\"inLanguage\":\"de\",\"potentialAction\":[{\"@type\":\"ReadAction\",\"target\":[\"https:\/\/www.originellefotogeschenke.de\/blog\/geschenk-zum-namenstag\/\"]}]},{\"@type\":\"BreadcrumbList\",\"@id\":\"https:\/\/www.originellefotogeschenke.de\/blog\/geschenk-zum-namenstag\/#breadcrumb\",\"itemListElement\":[{\"@type\":\"ListItem\",\"position\":1,\"name\":\"Home\",\"item\":\"https:\/\/www.originellefotogeschenke.de\/blog\/\"},{\"@type\":\"ListItem\",\"position\":2,\"name\":\"Geschenk mit Namen zum Namenstag\"}]},{\"@type\":\"Person\",\"@id\":\"https:\/\/www.originellefotogeschenke.de\/blog\/#\/schema\/person\/367aa327424ff90b12a58dbcf41f64d4\",\"name\":\"Originelle Fotogeschenke\",\"image\":{\"@type\":\"ImageObject\",\"@id\":\"https:\/\/www.originellefotogeschenke.de\/blog\/#personlogo\",\"inLanguage\":\"de\",\"url\":\"https:\/\/secure.gravatar.com\/avatar\/94abd966e831335b1878b94e29bdb995?s=96&d=mm&r=g\",\"contentUrl\":\"https:\/\/secure.gravatar.com\/avatar\/94abd966e831335b1878b94e29bdb995?s=96&d=mm&r=g\",\"caption\":\"Originelle Fotogeschenke\"},\"url\":\"https:\/\/www.originellefotogeschenke.de\/blog\/author\/admin\/\"}]}<\/script>\n<!-- \/ Yoast SEO plugin. -->","yoast_head_json":{"title":"Geschenk mit Namen zum Namenstag - Fotogeschenke Blog","robots":{"index":"index","follow":"follow","max-snippet":"max-snippet:-1","max-image-preview":"max-image-preview:large","max-video-preview":"max-video-preview:-1"},"canonical":"https:\/\/www.originellefotogeschenke.de\/blog\/geschenk-zum-namenstag\/","og_locale":"de_DE","og_type":"article","og_title":"Geschenk mit Namen zum Namenstag - Fotogeschenke Blog","og_description":"Geschenk zum Namenstag gestalten Besch\u00e4ftigt sich einer von euch mit Namenstagen oder seht ihr das als \u00fcberfl\u00fcssig an und seid der Meinung, dass Geburtstage und andere Anl\u00e4sse im Jahr ausreichen sollten? Heute ist \u00fcbrigens unter anderem der Name CLAUDIA dran, daher Gratulation an alle Claudias!Da der Namestag eher eine katholische Tradition ist und seit dem [&hellip;]","og_url":"https:\/\/www.originellefotogeschenke.de\/blog\/geschenk-zum-namenstag\/","og_site_name":"Fotogeschenke Blog","article_published_time":"2012-03-29T09:49:36+00:00","article_modified_time":"2020-08-25T09:55:43+00:00","og_image":[{"url":"https:\/\/www.originellefotogeschenke.de\/blog\/wp-content\/uploads\/2012\/03\/nackenrolle-mia-800.jpg"}],"twitter_card":"summary_large_image","twitter_misc":{"Verfasst von":"Originelle Fotogeschenke","Gesch\u00e4tzte Lesezeit":"2\u00a0Minuten"},"schema":{"@context":"https:\/\/schema.org","@graph":[{"@type":"WebSite","@id":"https:\/\/www.originellefotogeschenke.de\/blog\/#website","url":"https:\/\/www.originellefotogeschenke.de\/blog\/","name":"Fotogeschenke Blog","description":"","potentialAction":[{"@type":"SearchAction","target":{"@type":"EntryPoint","urlTemplate":"https:\/\/www.originellefotogeschenke.de\/blog\/?s={search_term_string}"},"query-input":"required name=search_term_string"}],"inLanguage":"de"},{"@type":"ImageObject","@id":"https:\/\/www.originellefotogeschenke.de\/blog\/geschenk-zum-namenstag\/#primaryimage","inLanguage":"de","url":"\/blog\/wp-content\/uploads\/2012\/03\/nackenrolle-mia-800.jpg","contentUrl":"\/blog\/wp-content\/uploads\/2012\/03\/nackenrolle-mia-800.jpg"},{"@type":"WebPage","@id":"https:\/\/www.originellefotogeschenke.de\/blog\/geschenk-zum-namenstag\/#webpage","url":"https:\/\/www.originellefotogeschenke.de\/blog\/geschenk-zum-namenstag\/","name":"Geschenk mit Namen zum Namenstag - Fotogeschenke Blog","isPartOf":{"@id":"https:\/\/www.originellefotogeschenke.de\/blog\/#website"},"primaryImageOfPage":{"@id":"https:\/\/www.originellefotogeschenke.de\/blog\/geschenk-zum-namenstag\/#primaryimage"},"datePublished":"2012-03-29T09:49:36+00:00","dateModified":"2020-08-25T09:55:43+00:00","author":{"@id":"https:\/\/www.originellefotogeschenke.de\/blog\/#\/schema\/person\/367aa327424ff90b12a58dbcf41f64d4"},"breadcrumb":{"@id":"https:\/\/www.originellefotogeschenke.de\/blog\/geschenk-zum-namenstag\/#breadcrumb"},"inLanguage":"de","potentialAction":[{"@type":"ReadAction","target":["https:\/\/www.originellefotogeschenke.de\/blog\/geschenk-zum-namenstag\/"]}]},{"@type":"BreadcrumbList","@id":"https:\/\/www.originellefotogeschenke.de\/blog\/geschenk-zum-namenstag\/#breadcrumb","itemListElement":[{"@type":"ListItem","position":1,"name":"Home","item":"https:\/\/www.originellefotogeschenke.de\/blog\/"},{"@type":"ListItem","position":2,"name":"Geschenk mit Namen zum Namenstag"}]},{"@type":"Person","@id":"https:\/\/www.originellefotogeschenke.de\/blog\/#\/schema\/person\/367aa327424ff90b12a58dbcf41f64d4","name":"Originelle Fotogeschenke","image":{"@type":"ImageObject","@id":"https:\/\/www.originellefotogeschenke.de\/blog\/#personlogo","inLanguage":"de","url":"https:\/\/secure.gravatar.com\/avatar\/94abd966e831335b1878b94e29bdb995?s=96&d=mm&r=g","contentUrl":"https:\/\/secure.gravatar.com\/avatar\/94abd966e831335b1878b94e29bdb995?s=96&d=mm&r=g","caption":"Originelle Fotogeschenke"},"url":"https:\/\/www.originellefotogeschenke.de\/blog\/author\/admin\/"}]}},"_links":{"self":[{"href":"https:\/\/www.originellefotogeschenke.de\/blog\/wp-json\/wp\/v2\/posts\/2268"}],"collection":[{"href":"https:\/\/www.originellefotogeschenke.de\/blog\/wp-json\/wp\/v2\/posts"}],"about":[{"href":"https:\/\/www.originellefotogeschenke.de\/blog\/wp-json\/wp\/v2\/types\/post"}],"author":[{"embeddable":true,"href":"https:\/\/www.originellefotogeschenke.de\/blog\/wp-json\/wp\/v2\/users\/1"}],"replies":[{"embeddable":true,"href":"https:\/\/www.originellefotogeschenke.de\/blog\/wp-json\/wp\/v2\/comments?post=2268"}],"version-history":[{"count":7,"href":"https:\/\/www.originellefotogeschenke.de\/blog\/wp-json\/wp\/v2\/posts\/2268\/revisions"}],"predecessor-version":[{"id":9273,"href":"https:\/\/www.originellefotogeschenke.de\/blog\/wp-json\/wp\/v2\/posts\/2268\/revisions\/9273"}],"wp:attachment":[{"href":"https:\/\/www.originellefotogeschenke.de\/blog\/wp-json\/wp\/v2\/media?parent=2268"}],"wp:term":[{"taxonomy":"category","embeddable":true,"href":"https:\/\/www.originellefotogeschenke.de\/blog\/wp-json\/wp\/v2\/categories?post=2268"},{"taxonomy":"post_tag","embeddable":true,"href":"https:\/\/www.originellefotogeschenke.de\/blog\/wp-json\/wp\/v2\/tags?post=2268"}],"curies":[{"name":"wp","href":"https:\/\/api.w.org\/{rel}","templated":true}]}}