{"id":1501,"date":"2011-11-11T11:42:10","date_gmt":"2011-11-11T11:42:10","guid":{"rendered":"\/blog\/?p=1501"},"modified":"2011-11-11T11:42:10","modified_gmt":"2011-11-11T11:42:10","slug":"originelle-geschenke-laternen","status":"publish","type":"post","link":"https:\/\/www.originellefotogeschenke.de\/blog\/originelle-geschenke-laternen\/","title":{"rendered":"Originelle Geschenke aus den Fotos des Laternenumzuges"},"content":{"rendered":"<h3>Wundersch\u00f6ne Fotos der Laternen und Lichter als originelle Geschenke<\/h3>\n<p>Heute wird in vielen Teilen Deutschlands ein besonders sch\u00f6ner und traditioneller Brauch begangen, der ganz besonders mich selber mit vielen Erinnerungen aus meiner Kindheit verbindet. Der 11. November ist der Martinstag, der Gedenktag an den Heiligen Martin von Tours, ein Bischof, der im 4. Jahrhundert lebte und insbesondere durch barmherzige Taten und N\u00e4chstenliebe seinen Status als Heiliger erhielt. An diesem Tag wird an ihn und ihm  \u00fcbetragenen Sinne an die N\u00e4chstenliebe \u00fcberhaupt gedacht und besonders gerne mit Kindern in Kindergartne oder Schulen gefeiert und thematisiert.<\/p>\n<p><a title=\"originelle Geschenke\" href=\"https:\/\/www.originellefotogeschenke.de\" target=\"_blank\">Originelle Geschenke<\/a> k\u00f6nnen aus den Fotos entstehen, die am Lichterfest oder auch Laternenfest entstehen, besonders sch\u00f6n sicher mit Fotos der der traditionellen Laternen, mit denen zu Beginn der D\u00e4mmerung der Laternenumzug begangen wird.<br \/>\nWundersch\u00f6ne Lichter, gl\u00e4nzende und gl\u00fcckliche Kinderaugen und gemeinsame Lieder&#8230;<\/p>\n<p><a href=\"https:\/\/www.originellefotogeschenke.de\/fotocollage.aspx\"><img loading=\"lazy\" class=\"aligncenter size-full wp-image-1504\" title=\"fotocollage poster\" src=\"\/blog\/wp-content\/uploads\/2011\/11\/fotocollage-poster.jpg\"  style=\"border:0px\"alt=\"Fotocollage verschiedener Kinderfotos auf einem Poster\" width=\"210\" height=\"160\" \/><\/a><\/p>\n<h3>Eine Fotocollage der sch\u00f6nsten Bilder<\/h3>\n<p>&#8230;einer der sch\u00f6nsten Momente, die man gemeinsam erleben kann! Ob f\u00fcr die stolzen Kinder mit ihren leuchtenden Laternen, oder auch den ebenso stolzen und gl\u00fccklichen Eltern oder aber auch f\u00fcr die Erzieher im Kindergarten, die gemeinsam mit den Kindern dieses fest vorbereitet haben. Aus der Vielzahl der Fotos, die gemacht werden, k\u00f6nnen<strong> originelle Geschenke<\/strong> f\u00fcr verschiedene Anl\u00e4sse hergestellt werden.<br \/>\nEin Poster mit einer <a title=\"Fotocollage\" href=\"https:\/\/www.originellefotogeschenke.de\/fotocollage.aspx\" target=\"_blank\">Fotocollage<\/a> der besten Fotos f\u00fcr den Kindergarten oder vielleicht aucn ein komplettes Fotobuch mit allen Fotos des Festes sind wunderbare und <strong>originelle Geschenke<\/strong>, mit denen man alle Kinder im Kindergarten gl\u00fccklich machen kann.<\/p>\n<h3>Gestalte Nikolausgeschenke aus den Fotos des St. Martin Festes<\/h3>\n<p>Falls du aber noch auf der Suche nach kleinen und besonderen <strong>Nikolausgeschenken<\/strong> f\u00fcr jedes einzelne Kind im Kindergarten oder auch zuhause bist, kannst du einfach und schnell wunderbare <a title=\"K\u00fchlschrankmagnete mit Foto\" href=\"https:\/\/www.originellefotogeschenke.de\/produkte\/kuehlschrankmagnete.aspx\" target=\"_blank\">K\u00fchlschrankmagnete mit Foto<\/a>. gestalten Eine kleine Erinnerung an einen besonderen Tag, f\u00fcr jedes Kind ein pers\u00f6nliches und <strong>originelles Geschenk, <\/strong>welches sie sich an jede magnetische Oberfl\u00e4che haften k\u00f6nnen und so immer eine Erinnerung haben.<br \/>\n<a title=\"Nikolausgeschenke\" href=\"https:\/\/www.originellefotogeschenke.de\/nikolausgeschenke.aspx\" target=\"_blank\">Nikolausgeschenke<\/a> aus eigenen Fotos, eine wunderbare Idee&#8230;<\/p>\n","protected":false},"excerpt":{"rendered":"<p>Wundersch\u00f6ne Fotos der Laternen und Lichter als originelle Geschenke Heute wird in vielen Teilen Deutschlands ein besonders sch\u00f6ner und traditioneller Brauch begangen, der ganz besonders mich selber mit vielen Erinnerungen aus meiner Kindheit verbindet. Der 11. November ist der Martinstag, der Gedenktag an den Heiligen Martin von Tours, ein Bischof, der im 4. Jahrhundert lebte [&hellip;]<\/p>\n","protected":false},"author":1,"featured_media":0,"comment_status":"open","ping_status":"open","sticky":false,"template":"","format":"standard","meta":{"_yoast_wpseo_title":"","_yoast_wpseo_metadesc":""},"categories":[1],"tags":[],"yoast_head":"<!-- This site is optimized with the Yoast SEO plugin v16.7 - https:\/\/yoast.com\/wordpress\/plugins\/seo\/ -->\n<title>Originelle Geschenke aus den Fotos des Laternenumzuges - Fotogeschenke Blog<\/title>\n<meta name=\"robots\" content=\"index, follow, max-snippet:-1, max-image-preview:large, max-video-preview:-1\" \/>\n<link rel=\"canonical\" href=\"https:\/\/www.originellefotogeschenke.de\/blog\/originelle-geschenke-laternen\/\" \/>\n<meta property=\"og:locale\" content=\"de_DE\" \/>\n<meta property=\"og:type\" content=\"article\" \/>\n<meta property=\"og:title\" content=\"Originelle Geschenke aus den Fotos des Laternenumzuges - Fotogeschenke Blog\" \/>\n<meta property=\"og:description\" content=\"Wundersch\u00f6ne Fotos der Laternen und Lichter als originelle Geschenke Heute wird in vielen Teilen Deutschlands ein besonders sch\u00f6ner und traditioneller Brauch begangen, der ganz besonders mich selber mit vielen Erinnerungen aus meiner Kindheit verbindet. Der 11. November ist der Martinstag, der Gedenktag an den Heiligen Martin von Tours, ein Bischof, der im 4. Jahrhundert lebte [&hellip;]\" \/>\n<meta property=\"og:url\" content=\"https:\/\/www.originellefotogeschenke.de\/blog\/originelle-geschenke-laternen\/\" \/>\n<meta property=\"og:site_name\" content=\"Fotogeschenke Blog\" \/>\n<meta property=\"article:published_time\" content=\"2011-11-11T11:42:10+00:00\" \/>\n<meta property=\"og:image\" content=\"https:\/\/www.originellefotogeschenke.de\/blog\/wp-content\/uploads\/2011\/11\/fotocollage-poster.jpg\" \/>\n<meta name=\"twitter:card\" content=\"summary_large_image\" \/>\n<meta name=\"twitter:label1\" content=\"Verfasst von\" \/>\n\t<meta name=\"twitter:data1\" content=\"Originelle Fotogeschenke\" \/>\n\t<meta name=\"twitter:label2\" content=\"Gesch\u00e4tzte Lesezeit\" \/>\n\t<meta name=\"twitter:data2\" content=\"2\u00a0Minuten\" \/>\n<script type=\"application\/ld+json\" class=\"yoast-schema-graph\">{\"@context\":\"https:\/\/schema.org\",\"@graph\":[{\"@type\":\"WebSite\",\"@id\":\"https:\/\/www.originellefotogeschenke.de\/blog\/#website\",\"url\":\"https:\/\/www.originellefotogeschenke.de\/blog\/\",\"name\":\"Fotogeschenke Blog\",\"description\":\"\",\"potentialAction\":[{\"@type\":\"SearchAction\",\"target\":{\"@type\":\"EntryPoint\",\"urlTemplate\":\"https:\/\/www.originellefotogeschenke.de\/blog\/?s={search_term_string}\"},\"query-input\":\"required name=search_term_string\"}],\"inLanguage\":\"de\"},{\"@type\":\"ImageObject\",\"@id\":\"https:\/\/www.originellefotogeschenke.de\/blog\/originelle-geschenke-laternen\/#primaryimage\",\"inLanguage\":\"de\",\"url\":\"\/blog\/wp-content\/uploads\/2011\/11\/fotocollage-poster.jpg\",\"contentUrl\":\"\/blog\/wp-content\/uploads\/2011\/11\/fotocollage-poster.jpg\"},{\"@type\":\"WebPage\",\"@id\":\"https:\/\/www.originellefotogeschenke.de\/blog\/originelle-geschenke-laternen\/#webpage\",\"url\":\"https:\/\/www.originellefotogeschenke.de\/blog\/originelle-geschenke-laternen\/\",\"name\":\"Originelle Geschenke aus den Fotos des Laternenumzuges - Fotogeschenke Blog\",\"isPartOf\":{\"@id\":\"https:\/\/www.originellefotogeschenke.de\/blog\/#website\"},\"primaryImageOfPage\":{\"@id\":\"https:\/\/www.originellefotogeschenke.de\/blog\/originelle-geschenke-laternen\/#primaryimage\"},\"datePublished\":\"2011-11-11T11:42:10+00:00\",\"dateModified\":\"2011-11-11T11:42:10+00:00\",\"author\":{\"@id\":\"https:\/\/www.originellefotogeschenke.de\/blog\/#\/schema\/person\/367aa327424ff90b12a58dbcf41f64d4\"},\"breadcrumb\":{\"@id\":\"https:\/\/www.originellefotogeschenke.de\/blog\/originelle-geschenke-laternen\/#breadcrumb\"},\"inLanguage\":\"de\",\"potentialAction\":[{\"@type\":\"ReadAction\",\"target\":[\"https:\/\/www.originellefotogeschenke.de\/blog\/originelle-geschenke-laternen\/\"]}]},{\"@type\":\"BreadcrumbList\",\"@id\":\"https:\/\/www.originellefotogeschenke.de\/blog\/originelle-geschenke-laternen\/#breadcrumb\",\"itemListElement\":[{\"@type\":\"ListItem\",\"position\":1,\"name\":\"Home\",\"item\":\"https:\/\/www.originellefotogeschenke.de\/blog\/\"},{\"@type\":\"ListItem\",\"position\":2,\"name\":\"Originelle Geschenke aus den Fotos des Laternenumzuges\"}]},{\"@type\":\"Person\",\"@id\":\"https:\/\/www.originellefotogeschenke.de\/blog\/#\/schema\/person\/367aa327424ff90b12a58dbcf41f64d4\",\"name\":\"Originelle Fotogeschenke\",\"image\":{\"@type\":\"ImageObject\",\"@id\":\"https:\/\/www.originellefotogeschenke.de\/blog\/#personlogo\",\"inLanguage\":\"de\",\"url\":\"https:\/\/secure.gravatar.com\/avatar\/94abd966e831335b1878b94e29bdb995?s=96&d=mm&r=g\",\"contentUrl\":\"https:\/\/secure.gravatar.com\/avatar\/94abd966e831335b1878b94e29bdb995?s=96&d=mm&r=g\",\"caption\":\"Originelle Fotogeschenke\"},\"url\":\"https:\/\/www.originellefotogeschenke.de\/blog\/author\/admin\/\"}]}<\/script>\n<!-- \/ Yoast SEO plugin. -->","yoast_head_json":{"title":"Originelle Geschenke aus den Fotos des Laternenumzuges - Fotogeschenke Blog","robots":{"index":"index","follow":"follow","max-snippet":"max-snippet:-1","max-image-preview":"max-image-preview:large","max-video-preview":"max-video-preview:-1"},"canonical":"https:\/\/www.originellefotogeschenke.de\/blog\/originelle-geschenke-laternen\/","og_locale":"de_DE","og_type":"article","og_title":"Originelle Geschenke aus den Fotos des Laternenumzuges - Fotogeschenke Blog","og_description":"Wundersch\u00f6ne Fotos der Laternen und Lichter als originelle Geschenke Heute wird in vielen Teilen Deutschlands ein besonders sch\u00f6ner und traditioneller Brauch begangen, der ganz besonders mich selber mit vielen Erinnerungen aus meiner Kindheit verbindet. Der 11. November ist der Martinstag, der Gedenktag an den Heiligen Martin von Tours, ein Bischof, der im 4. Jahrhundert lebte [&hellip;]","og_url":"https:\/\/www.originellefotogeschenke.de\/blog\/originelle-geschenke-laternen\/","og_site_name":"Fotogeschenke Blog","article_published_time":"2011-11-11T11:42:10+00:00","og_image":[{"url":"https:\/\/www.originellefotogeschenke.de\/blog\/wp-content\/uploads\/2011\/11\/fotocollage-poster.jpg"}],"twitter_card":"summary_large_image","twitter_misc":{"Verfasst von":"Originelle Fotogeschenke","Gesch\u00e4tzte Lesezeit":"2\u00a0Minuten"},"schema":{"@context":"https:\/\/schema.org","@graph":[{"@type":"WebSite","@id":"https:\/\/www.originellefotogeschenke.de\/blog\/#website","url":"https:\/\/www.originellefotogeschenke.de\/blog\/","name":"Fotogeschenke Blog","description":"","potentialAction":[{"@type":"SearchAction","target":{"@type":"EntryPoint","urlTemplate":"https:\/\/www.originellefotogeschenke.de\/blog\/?s={search_term_string}"},"query-input":"required name=search_term_string"}],"inLanguage":"de"},{"@type":"ImageObject","@id":"https:\/\/www.originellefotogeschenke.de\/blog\/originelle-geschenke-laternen\/#primaryimage","inLanguage":"de","url":"\/blog\/wp-content\/uploads\/2011\/11\/fotocollage-poster.jpg","contentUrl":"\/blog\/wp-content\/uploads\/2011\/11\/fotocollage-poster.jpg"},{"@type":"WebPage","@id":"https:\/\/www.originellefotogeschenke.de\/blog\/originelle-geschenke-laternen\/#webpage","url":"https:\/\/www.originellefotogeschenke.de\/blog\/originelle-geschenke-laternen\/","name":"Originelle Geschenke aus den Fotos des Laternenumzuges - Fotogeschenke Blog","isPartOf":{"@id":"https:\/\/www.originellefotogeschenke.de\/blog\/#website"},"primaryImageOfPage":{"@id":"https:\/\/www.originellefotogeschenke.de\/blog\/originelle-geschenke-laternen\/#primaryimage"},"datePublished":"2011-11-11T11:42:10+00:00","dateModified":"2011-11-11T11:42:10+00:00","author":{"@id":"https:\/\/www.originellefotogeschenke.de\/blog\/#\/schema\/person\/367aa327424ff90b12a58dbcf41f64d4"},"breadcrumb":{"@id":"https:\/\/www.originellefotogeschenke.de\/blog\/originelle-geschenke-laternen\/#breadcrumb"},"inLanguage":"de","potentialAction":[{"@type":"ReadAction","target":["https:\/\/www.originellefotogeschenke.de\/blog\/originelle-geschenke-laternen\/"]}]},{"@type":"BreadcrumbList","@id":"https:\/\/www.originellefotogeschenke.de\/blog\/originelle-geschenke-laternen\/#breadcrumb","itemListElement":[{"@type":"ListItem","position":1,"name":"Home","item":"https:\/\/www.originellefotogeschenke.de\/blog\/"},{"@type":"ListItem","position":2,"name":"Originelle Geschenke aus den Fotos des Laternenumzuges"}]},{"@type":"Person","@id":"https:\/\/www.originellefotogeschenke.de\/blog\/#\/schema\/person\/367aa327424ff90b12a58dbcf41f64d4","name":"Originelle Fotogeschenke","image":{"@type":"ImageObject","@id":"https:\/\/www.originellefotogeschenke.de\/blog\/#personlogo","inLanguage":"de","url":"https:\/\/secure.gravatar.com\/avatar\/94abd966e831335b1878b94e29bdb995?s=96&d=mm&r=g","contentUrl":"https:\/\/secure.gravatar.com\/avatar\/94abd966e831335b1878b94e29bdb995?s=96&d=mm&r=g","caption":"Originelle Fotogeschenke"},"url":"https:\/\/www.originellefotogeschenke.de\/blog\/author\/admin\/"}]}},"_links":{"self":[{"href":"https:\/\/www.originellefotogeschenke.de\/blog\/wp-json\/wp\/v2\/posts\/1501"}],"collection":[{"href":"https:\/\/www.originellefotogeschenke.de\/blog\/wp-json\/wp\/v2\/posts"}],"about":[{"href":"https:\/\/www.originellefotogeschenke.de\/blog\/wp-json\/wp\/v2\/types\/post"}],"author":[{"embeddable":true,"href":"https:\/\/www.originellefotogeschenke.de\/blog\/wp-json\/wp\/v2\/users\/1"}],"replies":[{"embeddable":true,"href":"https:\/\/www.originellefotogeschenke.de\/blog\/wp-json\/wp\/v2\/comments?post=1501"}],"version-history":[{"count":4,"href":"https:\/\/www.originellefotogeschenke.de\/blog\/wp-json\/wp\/v2\/posts\/1501\/revisions"}],"predecessor-version":[{"id":1506,"href":"https:\/\/www.originellefotogeschenke.de\/blog\/wp-json\/wp\/v2\/posts\/1501\/revisions\/1506"}],"wp:attachment":[{"href":"https:\/\/www.originellefotogeschenke.de\/blog\/wp-json\/wp\/v2\/media?parent=1501"}],"wp:term":[{"taxonomy":"category","embeddable":true,"href":"https:\/\/www.originellefotogeschenke.de\/blog\/wp-json\/wp\/v2\/categories?post=1501"},{"taxonomy":"post_tag","embeddable":true,"href":"https:\/\/www.originellefotogeschenke.de\/blog\/wp-json\/wp\/v2\/tags?post=1501"}],"curies":[{"name":"wp","href":"https:\/\/api.w.org\/{rel}","templated":true}]}}