{"id":1437,"date":"2011-11-04T10:39:16","date_gmt":"2011-11-04T10:39:16","guid":{"rendered":"\/blog\/?p=1437"},"modified":"2020-08-25T11:04:06","modified_gmt":"2020-08-25T10:04:06","slug":"originelle-geschenke-maenner","status":"publish","type":"post","link":"https:\/\/www.originellefotogeschenke.de\/blog\/originelle-geschenke-maenner\/","title":{"rendered":"Originelle Geschenke f\u00fcr M\u00e4nner zum Weltm\u00e4nnertag"},"content":{"rendered":"\n<h3>\u00dcberrasche deinen Mann durch Geschenke mit Fotos<\/h3>\n\n\n\n<p>Seit dem Jahre 2000 findet jedes Jahr am 3. November der Weltm\u00e4nnertag statt. Seit 1999 au\u00dferdem noch am 19. November der Internationale Tag der M\u00e4nner. In einem Monat gleich zwei Tage den M\u00e4nnern gewidmet? Was ist denn da los?<\/p>\n\n\n\n<p>Beide Tage dienen haupts\u00e4chlich dazu,die Aufmerksamkeit auf Bereiche zu legen, in denen M\u00e4nner oder auch Jungen vielleicht nicht hunderprozentig informiert sind. So werden insbesonders Bereiche wie Gesundheit, Familienrecht, Bildung und auch Medien n\u00e4her beleuchtet an diesen besonderen Tagen. Parallel dazu l\u00e4uft im November auch eine weltweite Aktion, die Movember genannt wird: diese werde ich aber gerne in einem gesonderten Blog Post erl\u00e4utern. Neben diesen ganzen Themen k\u00f6nnen diese beiden Tage aber auch mal wieder als Anlass genommen werden, sich ein wenig genauer mit perfekten <a title=\"Geschenke f\u00fcr M\u00e4nner\" href=\"https:\/\/www.originellefotogeschenke.de\/geschenke-fuer-maenner.aspx\" target=\"_blank\" rel=\"noopener noreferrer\">Geschenke f\u00fcr M\u00e4nner<\/a> zu besch\u00e4ftigen.<\/p>\n\n\n\n<div class=\"wp-block-image\"><figure class=\"aligncenter\"><a href=\"https:\/\/www.originellefotogeschenke.de\/produkte\/kulturbeutel-fuer-maenner.aspx\"><img loading=\"lazy\" width=\"800\" height=\"800\" src=\"\/blog\/wp-content\/uploads\/2011\/11\/kulturbeutel-maedchen-800.jpg\" alt=\"Ein Kulturbeutel f\u00fcr M\u00e4nner bedruckt mit einem Foto eines M\u00e4dchens\" class=\"wp-image-1440\" title=\"kulturbeutel maedchen\" srcset=\"https:\/\/www.originellefotogeschenke.de\/blog\/wp-content\/uploads\/2011\/11\/kulturbeutel-maedchen-800.jpg 800w, https:\/\/www.originellefotogeschenke.de\/blog\/wp-content\/uploads\/2011\/11\/kulturbeutel-maedchen-800-150x150.jpg 150w, https:\/\/www.originellefotogeschenke.de\/blog\/wp-content\/uploads\/2011\/11\/kulturbeutel-maedchen-800-300x300.jpg 300w\" sizes=\"(max-width: 800px) 100vw, 800px\" \/><\/a><\/figure><\/div>\n\n\n\n<h3>Ausgefallene Geschenkideen f\u00fcr M\u00e4nner<\/h3>\n\n\n\n<p>Denn schlie\u00dflich verdienen M\u00e4nner auch <a title=\"ausgefallene Geschenkideen\" href=\"https:\/\/www.originellefotogeschenke.de\/ausgefallene-geschenkideen.aspx\" target=\"_blank\" rel=\"noopener noreferrer\">ausgefallene Geschenkideen<\/a>, sei es zu Geburtstagen, zu Hochzeiten, zum Valentinstag oder aber auch zum bevorstehenden Weihnachtsfest. Und nicht nur die abgedroschenen und langweiligen Geschenke, die M\u00e4nner immer noch viel zu oft erhalten.<br>Mit eigenen Fotos kannst du <strong>wunderbare M\u00e4nnergeschenke <\/strong>entstehen lassen. F\u00fcr den Mann in deinem Leben einen einzigartigen <a title=\"Kulturbeutel f\u00fcr M\u00e4nner\" href=\"https:\/\/www.originellefotogeschenke.de\/produkte\/kulturbeutel-fuer-maenner.aspx\" target=\"_blank\" rel=\"noopener noreferrer\">Kulturbeutel f\u00fcr M\u00e4nner <\/a>selber gestalten, findest du nicht auch dass dies eine tolle \u00dcberraschung sein wird?<br>Wie bereits bei den meisten unserer <strong>Fotogeschenke<\/strong> auch kannst du in einem einfachen Gestaltungsprogramm den Kulturbeutel selber designen. Lade deine Fotos hoch, f\u00fcge einen Text hinzu, wandele den Entwurf in schwarz-weiss um&#8230;ganz nach deinen W\u00fcnschen.<\/p>\n\n\n\n<h2>Jetzt schon pers\u00f6nliche Weihnachtsgeschenke f\u00fcr M\u00e4nner gestalten<\/h2>\n\n\n\n<p>Aber der Weltm\u00e4nnertag kann auch eine Inspiration sein, um an Weihnachten zu denken und um <strong>Weihnachtsgeschenke f\u00fcr M\u00e4nner <\/strong>entstehen zu lassen.<br>Von kleinen bis hin zu riesengro\u00dfen Geschenken gibt es eine besonders gro\u00dfe Auswahl, und ich bin mir sicher, dass auch du <a title=\"originelle Weihnachtsgeschenke\" href=\"https:\/\/www.originellefotogeschenke.de\/weihnachtsgeschenke.aspx\" target=\"_blank\" rel=\"noopener noreferrer\">originelle Weihnachtsgeschenke<\/a> f\u00fcr die M\u00e4nner in deinem Leben finden und wunderbar gestalten wirst.<\/p>\n","protected":false},"excerpt":{"rendered":"<p>\u00dcberrasche deinen Mann durch Geschenke mit Fotos Seit dem Jahre 2000 findet jedes Jahr am 3. November der Weltm\u00e4nnertag statt. Seit 1999 au\u00dferdem noch am 19. November der Internationale Tag der M\u00e4nner. In einem Monat gleich zwei Tage den M\u00e4nnern gewidmet? Was ist denn da los? Beide Tage dienen haupts\u00e4chlich dazu,die Aufmerksamkeit auf Bereiche zu [&hellip;]<\/p>\n","protected":false},"author":1,"featured_media":0,"comment_status":"open","ping_status":"open","sticky":false,"template":"","format":"standard","meta":{"_yoast_wpseo_title":"","_yoast_wpseo_metadesc":""},"categories":[6],"tags":[],"yoast_head":"<!-- This site is optimized with the Yoast SEO plugin v16.7 - https:\/\/yoast.com\/wordpress\/plugins\/seo\/ -->\n<title>Originelle Geschenke f\u00fcr M\u00e4nner zum Weltm\u00e4nnertag - Fotogeschenke Blog<\/title>\n<meta name=\"robots\" content=\"index, follow, max-snippet:-1, max-image-preview:large, max-video-preview:-1\" \/>\n<link rel=\"canonical\" href=\"https:\/\/www.originellefotogeschenke.de\/blog\/originelle-geschenke-maenner\/\" \/>\n<meta property=\"og:locale\" content=\"de_DE\" \/>\n<meta property=\"og:type\" content=\"article\" \/>\n<meta property=\"og:title\" content=\"Originelle Geschenke f\u00fcr M\u00e4nner zum Weltm\u00e4nnertag - Fotogeschenke Blog\" \/>\n<meta property=\"og:description\" content=\"\u00dcberrasche deinen Mann durch Geschenke mit Fotos Seit dem Jahre 2000 findet jedes Jahr am 3. November der Weltm\u00e4nnertag statt. Seit 1999 au\u00dferdem noch am 19. November der Internationale Tag der M\u00e4nner. In einem Monat gleich zwei Tage den M\u00e4nnern gewidmet? Was ist denn da los? Beide Tage dienen haupts\u00e4chlich dazu,die Aufmerksamkeit auf Bereiche zu [&hellip;]\" \/>\n<meta property=\"og:url\" content=\"https:\/\/www.originellefotogeschenke.de\/blog\/originelle-geschenke-maenner\/\" \/>\n<meta property=\"og:site_name\" content=\"Fotogeschenke Blog\" \/>\n<meta property=\"article:published_time\" content=\"2011-11-04T10:39:16+00:00\" \/>\n<meta property=\"article:modified_time\" content=\"2020-08-25T10:04:06+00:00\" \/>\n<meta property=\"og:image\" content=\"https:\/\/www.originellefotogeschenke.de\/blog\/wp-content\/uploads\/2011\/11\/kulturbeutel-maedchen-800.jpg\" \/>\n<meta name=\"twitter:card\" content=\"summary_large_image\" \/>\n<meta name=\"twitter:label1\" content=\"Verfasst von\" \/>\n\t<meta name=\"twitter:data1\" content=\"Originelle Fotogeschenke\" \/>\n\t<meta name=\"twitter:label2\" content=\"Gesch\u00e4tzte Lesezeit\" \/>\n\t<meta name=\"twitter:data2\" content=\"2\u00a0Minuten\" \/>\n<script type=\"application\/ld+json\" class=\"yoast-schema-graph\">{\"@context\":\"https:\/\/schema.org\",\"@graph\":[{\"@type\":\"WebSite\",\"@id\":\"https:\/\/www.originellefotogeschenke.de\/blog\/#website\",\"url\":\"https:\/\/www.originellefotogeschenke.de\/blog\/\",\"name\":\"Fotogeschenke Blog\",\"description\":\"\",\"potentialAction\":[{\"@type\":\"SearchAction\",\"target\":{\"@type\":\"EntryPoint\",\"urlTemplate\":\"https:\/\/www.originellefotogeschenke.de\/blog\/?s={search_term_string}\"},\"query-input\":\"required name=search_term_string\"}],\"inLanguage\":\"de\"},{\"@type\":\"ImageObject\",\"@id\":\"https:\/\/www.originellefotogeschenke.de\/blog\/originelle-geschenke-maenner\/#primaryimage\",\"inLanguage\":\"de\",\"url\":\"\/blog\/wp-content\/uploads\/2011\/11\/kulturbeutel-maedchen-800.jpg\",\"contentUrl\":\"\/blog\/wp-content\/uploads\/2011\/11\/kulturbeutel-maedchen-800.jpg\"},{\"@type\":\"WebPage\",\"@id\":\"https:\/\/www.originellefotogeschenke.de\/blog\/originelle-geschenke-maenner\/#webpage\",\"url\":\"https:\/\/www.originellefotogeschenke.de\/blog\/originelle-geschenke-maenner\/\",\"name\":\"Originelle Geschenke f\\u00fcr M\\u00e4nner zum Weltm\\u00e4nnertag - Fotogeschenke Blog\",\"isPartOf\":{\"@id\":\"https:\/\/www.originellefotogeschenke.de\/blog\/#website\"},\"primaryImageOfPage\":{\"@id\":\"https:\/\/www.originellefotogeschenke.de\/blog\/originelle-geschenke-maenner\/#primaryimage\"},\"datePublished\":\"2011-11-04T10:39:16+00:00\",\"dateModified\":\"2020-08-25T10:04:06+00:00\",\"author\":{\"@id\":\"https:\/\/www.originellefotogeschenke.de\/blog\/#\/schema\/person\/367aa327424ff90b12a58dbcf41f64d4\"},\"breadcrumb\":{\"@id\":\"https:\/\/www.originellefotogeschenke.de\/blog\/originelle-geschenke-maenner\/#breadcrumb\"},\"inLanguage\":\"de\",\"potentialAction\":[{\"@type\":\"ReadAction\",\"target\":[\"https:\/\/www.originellefotogeschenke.de\/blog\/originelle-geschenke-maenner\/\"]}]},{\"@type\":\"BreadcrumbList\",\"@id\":\"https:\/\/www.originellefotogeschenke.de\/blog\/originelle-geschenke-maenner\/#breadcrumb\",\"itemListElement\":[{\"@type\":\"ListItem\",\"position\":1,\"name\":\"Home\",\"item\":\"https:\/\/www.originellefotogeschenke.de\/blog\/\"},{\"@type\":\"ListItem\",\"position\":2,\"name\":\"Originelle Geschenke f\\u00fcr M\\u00e4nner zum Weltm\\u00e4nnertag\"}]},{\"@type\":\"Person\",\"@id\":\"https:\/\/www.originellefotogeschenke.de\/blog\/#\/schema\/person\/367aa327424ff90b12a58dbcf41f64d4\",\"name\":\"Originelle Fotogeschenke\",\"image\":{\"@type\":\"ImageObject\",\"@id\":\"https:\/\/www.originellefotogeschenke.de\/blog\/#personlogo\",\"inLanguage\":\"de\",\"url\":\"https:\/\/secure.gravatar.com\/avatar\/94abd966e831335b1878b94e29bdb995?s=96&d=mm&r=g\",\"contentUrl\":\"https:\/\/secure.gravatar.com\/avatar\/94abd966e831335b1878b94e29bdb995?s=96&d=mm&r=g\",\"caption\":\"Originelle Fotogeschenke\"},\"url\":\"https:\/\/www.originellefotogeschenke.de\/blog\/author\/admin\/\"}]}<\/script>\n<!-- \/ Yoast SEO plugin. -->","yoast_head_json":{"title":"Originelle Geschenke f\u00fcr M\u00e4nner zum Weltm\u00e4nnertag - Fotogeschenke Blog","robots":{"index":"index","follow":"follow","max-snippet":"max-snippet:-1","max-image-preview":"max-image-preview:large","max-video-preview":"max-video-preview:-1"},"canonical":"https:\/\/www.originellefotogeschenke.de\/blog\/originelle-geschenke-maenner\/","og_locale":"de_DE","og_type":"article","og_title":"Originelle Geschenke f\u00fcr M\u00e4nner zum Weltm\u00e4nnertag - Fotogeschenke Blog","og_description":"\u00dcberrasche deinen Mann durch Geschenke mit Fotos Seit dem Jahre 2000 findet jedes Jahr am 3. November der Weltm\u00e4nnertag statt. Seit 1999 au\u00dferdem noch am 19. November der Internationale Tag der M\u00e4nner. In einem Monat gleich zwei Tage den M\u00e4nnern gewidmet? Was ist denn da los? Beide Tage dienen haupts\u00e4chlich dazu,die Aufmerksamkeit auf Bereiche zu [&hellip;]","og_url":"https:\/\/www.originellefotogeschenke.de\/blog\/originelle-geschenke-maenner\/","og_site_name":"Fotogeschenke Blog","article_published_time":"2011-11-04T10:39:16+00:00","article_modified_time":"2020-08-25T10:04:06+00:00","og_image":[{"url":"https:\/\/www.originellefotogeschenke.de\/blog\/wp-content\/uploads\/2011\/11\/kulturbeutel-maedchen-800.jpg"}],"twitter_card":"summary_large_image","twitter_misc":{"Verfasst von":"Originelle Fotogeschenke","Gesch\u00e4tzte Lesezeit":"2\u00a0Minuten"},"schema":{"@context":"https:\/\/schema.org","@graph":[{"@type":"WebSite","@id":"https:\/\/www.originellefotogeschenke.de\/blog\/#website","url":"https:\/\/www.originellefotogeschenke.de\/blog\/","name":"Fotogeschenke Blog","description":"","potentialAction":[{"@type":"SearchAction","target":{"@type":"EntryPoint","urlTemplate":"https:\/\/www.originellefotogeschenke.de\/blog\/?s={search_term_string}"},"query-input":"required name=search_term_string"}],"inLanguage":"de"},{"@type":"ImageObject","@id":"https:\/\/www.originellefotogeschenke.de\/blog\/originelle-geschenke-maenner\/#primaryimage","inLanguage":"de","url":"\/blog\/wp-content\/uploads\/2011\/11\/kulturbeutel-maedchen-800.jpg","contentUrl":"\/blog\/wp-content\/uploads\/2011\/11\/kulturbeutel-maedchen-800.jpg"},{"@type":"WebPage","@id":"https:\/\/www.originellefotogeschenke.de\/blog\/originelle-geschenke-maenner\/#webpage","url":"https:\/\/www.originellefotogeschenke.de\/blog\/originelle-geschenke-maenner\/","name":"Originelle Geschenke f\u00fcr M\u00e4nner zum Weltm\u00e4nnertag - Fotogeschenke Blog","isPartOf":{"@id":"https:\/\/www.originellefotogeschenke.de\/blog\/#website"},"primaryImageOfPage":{"@id":"https:\/\/www.originellefotogeschenke.de\/blog\/originelle-geschenke-maenner\/#primaryimage"},"datePublished":"2011-11-04T10:39:16+00:00","dateModified":"2020-08-25T10:04:06+00:00","author":{"@id":"https:\/\/www.originellefotogeschenke.de\/blog\/#\/schema\/person\/367aa327424ff90b12a58dbcf41f64d4"},"breadcrumb":{"@id":"https:\/\/www.originellefotogeschenke.de\/blog\/originelle-geschenke-maenner\/#breadcrumb"},"inLanguage":"de","potentialAction":[{"@type":"ReadAction","target":["https:\/\/www.originellefotogeschenke.de\/blog\/originelle-geschenke-maenner\/"]}]},{"@type":"BreadcrumbList","@id":"https:\/\/www.originellefotogeschenke.de\/blog\/originelle-geschenke-maenner\/#breadcrumb","itemListElement":[{"@type":"ListItem","position":1,"name":"Home","item":"https:\/\/www.originellefotogeschenke.de\/blog\/"},{"@type":"ListItem","position":2,"name":"Originelle Geschenke f\u00fcr M\u00e4nner zum Weltm\u00e4nnertag"}]},{"@type":"Person","@id":"https:\/\/www.originellefotogeschenke.de\/blog\/#\/schema\/person\/367aa327424ff90b12a58dbcf41f64d4","name":"Originelle Fotogeschenke","image":{"@type":"ImageObject","@id":"https:\/\/www.originellefotogeschenke.de\/blog\/#personlogo","inLanguage":"de","url":"https:\/\/secure.gravatar.com\/avatar\/94abd966e831335b1878b94e29bdb995?s=96&d=mm&r=g","contentUrl":"https:\/\/secure.gravatar.com\/avatar\/94abd966e831335b1878b94e29bdb995?s=96&d=mm&r=g","caption":"Originelle Fotogeschenke"},"url":"https:\/\/www.originellefotogeschenke.de\/blog\/author\/admin\/"}]}},"_links":{"self":[{"href":"https:\/\/www.originellefotogeschenke.de\/blog\/wp-json\/wp\/v2\/posts\/1437"}],"collection":[{"href":"https:\/\/www.originellefotogeschenke.de\/blog\/wp-json\/wp\/v2\/posts"}],"about":[{"href":"https:\/\/www.originellefotogeschenke.de\/blog\/wp-json\/wp\/v2\/types\/post"}],"author":[{"embeddable":true,"href":"https:\/\/www.originellefotogeschenke.de\/blog\/wp-json\/wp\/v2\/users\/1"}],"replies":[{"embeddable":true,"href":"https:\/\/www.originellefotogeschenke.de\/blog\/wp-json\/wp\/v2\/comments?post=1437"}],"version-history":[{"count":3,"href":"https:\/\/www.originellefotogeschenke.de\/blog\/wp-json\/wp\/v2\/posts\/1437\/revisions"}],"predecessor-version":[{"id":9281,"href":"https:\/\/www.originellefotogeschenke.de\/blog\/wp-json\/wp\/v2\/posts\/1437\/revisions\/9281"}],"wp:attachment":[{"href":"https:\/\/www.originellefotogeschenke.de\/blog\/wp-json\/wp\/v2\/media?parent=1437"}],"wp:term":[{"taxonomy":"category","embeddable":true,"href":"https:\/\/www.originellefotogeschenke.de\/blog\/wp-json\/wp\/v2\/categories?post=1437"},{"taxonomy":"post_tag","embeddable":true,"href":"https:\/\/www.originellefotogeschenke.de\/blog\/wp-json\/wp\/v2\/tags?post=1437"}],"curies":[{"name":"wp","href":"https:\/\/api.w.org\/{rel}","templated":true}]}}