{"id":1038,"date":"2011-09-20T10:14:43","date_gmt":"2011-09-20T10:14:43","guid":{"rendered":"\/blog\/?p=1038"},"modified":"2011-09-20T10:15:34","modified_gmt":"2011-09-20T10:15:34","slug":"originelle-raumteiler","status":"publish","type":"post","link":"https:\/\/www.originellefotogeschenke.de\/blog\/originelle-raumteiler\/","title":{"rendered":"Originelle Raumteiler f\u00fcr Job und Zuhause"},"content":{"rendered":"<h3>Ausgefallene und geschmackvolle Raumteiler<\/h3>\n<p>Du lebst in einer kleinen Einzimmerwohnung, bist eigentlich ganz zufrieden aber w\u00fcrdest gerne eine klare Trennung deines Schlaf \u2013 und Wohnbereiches haben? Ein Regal aufstellen, daf\u00fcr reicht der Platz nicht aus, au\u00dferdem w\u00fcrde der Raum dann noch unruhiger und voller wirken, als er es jetzt schon ist. Aber ein <strong>Raumteiler<\/strong>, geschmackvoll bedruckt, in deinen Lieblingsfarben k\u00f6nntest du dir vorstellen? Deine pers\u00f6nlichen <a title=\"Einrichtungsideen\" href=\"https:\/\/www.originellefotogeschenke.de\/einrichtungsideen.aspx\" target=\"_blank\">Einrichtungsideen<\/a> kannst du selber gestalten und entstehen lassen, auch ein Raumteiler geh\u00f6rt dazu.<\/p>\n<h3>Raumteiler aus deinen Fotos oder auch Logos<\/h3>\n<p>Jeder <a title=\"Raumteiler\" href=\"https:\/\/www.originellefotogeschenke.de\/produkte\/raumteiler.aspx\" target=\"_blank\">Raumteiler <\/a>wird komplett in Handarbeit hergestellt. Du entscheidest dich f\u00fcr die Gr\u00f6\u00dfe bzw. die Anzahl der einzelnen Teile des <strong>Raumteiler <\/strong>(von zwei bis vier Teile sind w\u00e4hlbar, f\u00fcr weitere Gr\u00f6\u00dfen wende dich bitte an unseren Kundenservice). Die H\u00f6he des Raumteiler ist 152 cm, jedes einzelne Teil misst 56 cm.<br \/>\nBesonders sch\u00f6n sieht ein Raumteiler aus, wenn man ihn mit Naturaufnahmen bedruckt. Eine Wohnung ohne oder nur mit kleinen Fenstern erh\u00e4lt so ganz einfach und schnell eine eigene Aussicht \u2013 gro\u00dfartig! Wenn du m\u00f6chtest, kann auch eine <a title=\"Fotocollage\" href=\"https:\/\/www.originellefotogeschenke.de\/fotocollage.aspx\" target=\"_blank\">Fotocollage<\/a> erstellt werden, eine Sammlung deiner Lieblingsfotos auf deinem<strong> pers\u00f6nlichen Raumteiler.<\/strong><\/p>\n<p style=\"text-align: center;\"><strong><a href=\"https:\/\/www.originellefotogeschenke.de\/produkte\/raumteiler.aspx\"><img loading=\"lazy\" class=\"aligncenter size-medium wp-image-1039\" title=\"raumteiler wiese\" src=\"\/blog\/wp-content\/uploads\/2011\/09\/raumteiler-wiese-800-300x300.jpg\" style=\"border:0px\"alt=\"Ein Raumteiler bedruckt mit einem Foto von einer Blumenwiese\" width=\"300\" height=\"300\" srcset=\"https:\/\/www.originellefotogeschenke.de\/blog\/wp-content\/uploads\/2011\/09\/raumteiler-wiese-800-300x300.jpg 300w, https:\/\/www.originellefotogeschenke.de\/blog\/wp-content\/uploads\/2011\/09\/raumteiler-wiese-800-150x150.jpg 150w, https:\/\/www.originellefotogeschenke.de\/blog\/wp-content\/uploads\/2011\/09\/raumteiler-wiese-800.jpg 800w\" sizes=\"(max-width: 300px) 100vw, 300px\" \/><\/a><br \/>\n<\/strong><\/p>\n<h3>Witzige Einrichtungsideen mit dem Raumteiler<\/h3>\n<p>Nicht nur f\u00fcr Privatwohnungen, auch f\u00fcr B\u00fcros oder auch Messen und anderen Veranstaltungen bietet sich ein <strong>Raumteiler<\/strong> an. Bedruckt mit dem Firmenlogo, dem Firmenslogan, den Kontaktdaten oder auch Beispielbilder der Serviceleistungen&#8230; jeder Kunde kann seinen Raumteiler nach eigenen W\u00fcnschen gestalten und drucken lassen.<br \/>\n<a title=\"M\u00f6bel und Einrichtung\" href=\"https:\/\/www.originellefotogeschenke.de\/moebel-und-einrichtung.aspx\" target=\"_blank\">M\u00f6bel und Einrichtung<\/a>, mit eigenen Fotos oder Texten versehen, ist immer ein ganz besonderer und ausgefallener Hingucker!<\/p>\n","protected":false},"excerpt":{"rendered":"<p>Ausgefallene und geschmackvolle Raumteiler Du lebst in einer kleinen Einzimmerwohnung, bist eigentlich ganz zufrieden aber w\u00fcrdest gerne eine klare Trennung deines Schlaf \u2013 und Wohnbereiches haben? Ein Regal aufstellen, daf\u00fcr reicht der Platz nicht aus, au\u00dferdem w\u00fcrde der Raum dann noch unruhiger und voller wirken, als er es jetzt schon ist. Aber ein Raumteiler, geschmackvoll [&hellip;]<\/p>\n","protected":false},"author":1,"featured_media":0,"comment_status":"open","ping_status":"open","sticky":false,"template":"","format":"standard","meta":{"_yoast_wpseo_title":"","_yoast_wpseo_metadesc":""},"categories":[10],"tags":[],"yoast_head":"<!-- This site is optimized with the Yoast SEO plugin v16.7 - https:\/\/yoast.com\/wordpress\/plugins\/seo\/ -->\n<title>Originelle Raumteiler f\u00fcr Job und Zuhause - Fotogeschenke Blog<\/title>\n<meta name=\"robots\" content=\"index, follow, max-snippet:-1, max-image-preview:large, max-video-preview:-1\" \/>\n<link rel=\"canonical\" href=\"https:\/\/www.originellefotogeschenke.de\/blog\/originelle-raumteiler\/\" \/>\n<meta property=\"og:locale\" content=\"de_DE\" \/>\n<meta property=\"og:type\" content=\"article\" \/>\n<meta property=\"og:title\" content=\"Originelle Raumteiler f\u00fcr Job und Zuhause - Fotogeschenke Blog\" \/>\n<meta property=\"og:description\" content=\"Ausgefallene und geschmackvolle Raumteiler Du lebst in einer kleinen Einzimmerwohnung, bist eigentlich ganz zufrieden aber w\u00fcrdest gerne eine klare Trennung deines Schlaf \u2013 und Wohnbereiches haben? Ein Regal aufstellen, daf\u00fcr reicht der Platz nicht aus, au\u00dferdem w\u00fcrde der Raum dann noch unruhiger und voller wirken, als er es jetzt schon ist. Aber ein Raumteiler, geschmackvoll [&hellip;]\" \/>\n<meta property=\"og:url\" content=\"https:\/\/www.originellefotogeschenke.de\/blog\/originelle-raumteiler\/\" \/>\n<meta property=\"og:site_name\" content=\"Fotogeschenke Blog\" \/>\n<meta property=\"article:published_time\" content=\"2011-09-20T10:14:43+00:00\" \/>\n<meta property=\"article:modified_time\" content=\"2011-09-20T10:15:34+00:00\" \/>\n<meta property=\"og:image\" content=\"https:\/\/www.originellefotogeschenke.de\/blog\/wp-content\/uploads\/2011\/09\/raumteiler-wiese-800-300x300.jpg\" \/>\n<meta name=\"twitter:card\" content=\"summary_large_image\" \/>\n<meta name=\"twitter:label1\" content=\"Verfasst von\" \/>\n\t<meta name=\"twitter:data1\" content=\"Originelle Fotogeschenke\" \/>\n\t<meta name=\"twitter:label2\" content=\"Gesch\u00e4tzte Lesezeit\" \/>\n\t<meta name=\"twitter:data2\" content=\"1\u00a0Minute\" \/>\n<script type=\"application\/ld+json\" class=\"yoast-schema-graph\">{\"@context\":\"https:\/\/schema.org\",\"@graph\":[{\"@type\":\"WebSite\",\"@id\":\"https:\/\/www.originellefotogeschenke.de\/blog\/#website\",\"url\":\"https:\/\/www.originellefotogeschenke.de\/blog\/\",\"name\":\"Fotogeschenke Blog\",\"description\":\"\",\"potentialAction\":[{\"@type\":\"SearchAction\",\"target\":{\"@type\":\"EntryPoint\",\"urlTemplate\":\"https:\/\/www.originellefotogeschenke.de\/blog\/?s={search_term_string}\"},\"query-input\":\"required name=search_term_string\"}],\"inLanguage\":\"de\"},{\"@type\":\"ImageObject\",\"@id\":\"https:\/\/www.originellefotogeschenke.de\/blog\/originelle-raumteiler\/#primaryimage\",\"inLanguage\":\"de\",\"url\":\"\/blog\/wp-content\/uploads\/2011\/09\/raumteiler-wiese-800-300x300.jpg\",\"contentUrl\":\"\/blog\/wp-content\/uploads\/2011\/09\/raumteiler-wiese-800-300x300.jpg\"},{\"@type\":\"WebPage\",\"@id\":\"https:\/\/www.originellefotogeschenke.de\/blog\/originelle-raumteiler\/#webpage\",\"url\":\"https:\/\/www.originellefotogeschenke.de\/blog\/originelle-raumteiler\/\",\"name\":\"Originelle Raumteiler f\\u00fcr Job und Zuhause - Fotogeschenke Blog\",\"isPartOf\":{\"@id\":\"https:\/\/www.originellefotogeschenke.de\/blog\/#website\"},\"primaryImageOfPage\":{\"@id\":\"https:\/\/www.originellefotogeschenke.de\/blog\/originelle-raumteiler\/#primaryimage\"},\"datePublished\":\"2011-09-20T10:14:43+00:00\",\"dateModified\":\"2011-09-20T10:15:34+00:00\",\"author\":{\"@id\":\"https:\/\/www.originellefotogeschenke.de\/blog\/#\/schema\/person\/367aa327424ff90b12a58dbcf41f64d4\"},\"breadcrumb\":{\"@id\":\"https:\/\/www.originellefotogeschenke.de\/blog\/originelle-raumteiler\/#breadcrumb\"},\"inLanguage\":\"de\",\"potentialAction\":[{\"@type\":\"ReadAction\",\"target\":[\"https:\/\/www.originellefotogeschenke.de\/blog\/originelle-raumteiler\/\"]}]},{\"@type\":\"BreadcrumbList\",\"@id\":\"https:\/\/www.originellefotogeschenke.de\/blog\/originelle-raumteiler\/#breadcrumb\",\"itemListElement\":[{\"@type\":\"ListItem\",\"position\":1,\"name\":\"Home\",\"item\":\"https:\/\/www.originellefotogeschenke.de\/blog\/\"},{\"@type\":\"ListItem\",\"position\":2,\"name\":\"Originelle Raumteiler f\\u00fcr Job und Zuhause\"}]},{\"@type\":\"Person\",\"@id\":\"https:\/\/www.originellefotogeschenke.de\/blog\/#\/schema\/person\/367aa327424ff90b12a58dbcf41f64d4\",\"name\":\"Originelle Fotogeschenke\",\"image\":{\"@type\":\"ImageObject\",\"@id\":\"https:\/\/www.originellefotogeschenke.de\/blog\/#personlogo\",\"inLanguage\":\"de\",\"url\":\"https:\/\/secure.gravatar.com\/avatar\/94abd966e831335b1878b94e29bdb995?s=96&d=mm&r=g\",\"contentUrl\":\"https:\/\/secure.gravatar.com\/avatar\/94abd966e831335b1878b94e29bdb995?s=96&d=mm&r=g\",\"caption\":\"Originelle Fotogeschenke\"},\"url\":\"https:\/\/www.originellefotogeschenke.de\/blog\/author\/admin\/\"}]}<\/script>\n<!-- \/ Yoast SEO plugin. -->","yoast_head_json":{"title":"Originelle Raumteiler f\u00fcr Job und Zuhause - Fotogeschenke Blog","robots":{"index":"index","follow":"follow","max-snippet":"max-snippet:-1","max-image-preview":"max-image-preview:large","max-video-preview":"max-video-preview:-1"},"canonical":"https:\/\/www.originellefotogeschenke.de\/blog\/originelle-raumteiler\/","og_locale":"de_DE","og_type":"article","og_title":"Originelle Raumteiler f\u00fcr Job und Zuhause - Fotogeschenke Blog","og_description":"Ausgefallene und geschmackvolle Raumteiler Du lebst in einer kleinen Einzimmerwohnung, bist eigentlich ganz zufrieden aber w\u00fcrdest gerne eine klare Trennung deines Schlaf \u2013 und Wohnbereiches haben? Ein Regal aufstellen, daf\u00fcr reicht der Platz nicht aus, au\u00dferdem w\u00fcrde der Raum dann noch unruhiger und voller wirken, als er es jetzt schon ist. Aber ein Raumteiler, geschmackvoll [&hellip;]","og_url":"https:\/\/www.originellefotogeschenke.de\/blog\/originelle-raumteiler\/","og_site_name":"Fotogeschenke Blog","article_published_time":"2011-09-20T10:14:43+00:00","article_modified_time":"2011-09-20T10:15:34+00:00","og_image":[{"url":"https:\/\/www.originellefotogeschenke.de\/blog\/wp-content\/uploads\/2011\/09\/raumteiler-wiese-800-300x300.jpg"}],"twitter_card":"summary_large_image","twitter_misc":{"Verfasst von":"Originelle Fotogeschenke","Gesch\u00e4tzte Lesezeit":"1\u00a0Minute"},"schema":{"@context":"https:\/\/schema.org","@graph":[{"@type":"WebSite","@id":"https:\/\/www.originellefotogeschenke.de\/blog\/#website","url":"https:\/\/www.originellefotogeschenke.de\/blog\/","name":"Fotogeschenke Blog","description":"","potentialAction":[{"@type":"SearchAction","target":{"@type":"EntryPoint","urlTemplate":"https:\/\/www.originellefotogeschenke.de\/blog\/?s={search_term_string}"},"query-input":"required name=search_term_string"}],"inLanguage":"de"},{"@type":"ImageObject","@id":"https:\/\/www.originellefotogeschenke.de\/blog\/originelle-raumteiler\/#primaryimage","inLanguage":"de","url":"\/blog\/wp-content\/uploads\/2011\/09\/raumteiler-wiese-800-300x300.jpg","contentUrl":"\/blog\/wp-content\/uploads\/2011\/09\/raumteiler-wiese-800-300x300.jpg"},{"@type":"WebPage","@id":"https:\/\/www.originellefotogeschenke.de\/blog\/originelle-raumteiler\/#webpage","url":"https:\/\/www.originellefotogeschenke.de\/blog\/originelle-raumteiler\/","name":"Originelle Raumteiler f\u00fcr Job und Zuhause - Fotogeschenke Blog","isPartOf":{"@id":"https:\/\/www.originellefotogeschenke.de\/blog\/#website"},"primaryImageOfPage":{"@id":"https:\/\/www.originellefotogeschenke.de\/blog\/originelle-raumteiler\/#primaryimage"},"datePublished":"2011-09-20T10:14:43+00:00","dateModified":"2011-09-20T10:15:34+00:00","author":{"@id":"https:\/\/www.originellefotogeschenke.de\/blog\/#\/schema\/person\/367aa327424ff90b12a58dbcf41f64d4"},"breadcrumb":{"@id":"https:\/\/www.originellefotogeschenke.de\/blog\/originelle-raumteiler\/#breadcrumb"},"inLanguage":"de","potentialAction":[{"@type":"ReadAction","target":["https:\/\/www.originellefotogeschenke.de\/blog\/originelle-raumteiler\/"]}]},{"@type":"BreadcrumbList","@id":"https:\/\/www.originellefotogeschenke.de\/blog\/originelle-raumteiler\/#breadcrumb","itemListElement":[{"@type":"ListItem","position":1,"name":"Home","item":"https:\/\/www.originellefotogeschenke.de\/blog\/"},{"@type":"ListItem","position":2,"name":"Originelle Raumteiler f\u00fcr Job und Zuhause"}]},{"@type":"Person","@id":"https:\/\/www.originellefotogeschenke.de\/blog\/#\/schema\/person\/367aa327424ff90b12a58dbcf41f64d4","name":"Originelle Fotogeschenke","image":{"@type":"ImageObject","@id":"https:\/\/www.originellefotogeschenke.de\/blog\/#personlogo","inLanguage":"de","url":"https:\/\/secure.gravatar.com\/avatar\/94abd966e831335b1878b94e29bdb995?s=96&d=mm&r=g","contentUrl":"https:\/\/secure.gravatar.com\/avatar\/94abd966e831335b1878b94e29bdb995?s=96&d=mm&r=g","caption":"Originelle Fotogeschenke"},"url":"https:\/\/www.originellefotogeschenke.de\/blog\/author\/admin\/"}]}},"_links":{"self":[{"href":"https:\/\/www.originellefotogeschenke.de\/blog\/wp-json\/wp\/v2\/posts\/1038"}],"collection":[{"href":"https:\/\/www.originellefotogeschenke.de\/blog\/wp-json\/wp\/v2\/posts"}],"about":[{"href":"https:\/\/www.originellefotogeschenke.de\/blog\/wp-json\/wp\/v2\/types\/post"}],"author":[{"embeddable":true,"href":"https:\/\/www.originellefotogeschenke.de\/blog\/wp-json\/wp\/v2\/users\/1"}],"replies":[{"embeddable":true,"href":"https:\/\/www.originellefotogeschenke.de\/blog\/wp-json\/wp\/v2\/comments?post=1038"}],"version-history":[{"count":2,"href":"https:\/\/www.originellefotogeschenke.de\/blog\/wp-json\/wp\/v2\/posts\/1038\/revisions"}],"predecessor-version":[{"id":1041,"href":"https:\/\/www.originellefotogeschenke.de\/blog\/wp-json\/wp\/v2\/posts\/1038\/revisions\/1041"}],"wp:attachment":[{"href":"https:\/\/www.originellefotogeschenke.de\/blog\/wp-json\/wp\/v2\/media?parent=1038"}],"wp:term":[{"taxonomy":"category","embeddable":true,"href":"https:\/\/www.originellefotogeschenke.de\/blog\/wp-json\/wp\/v2\/categories?post=1038"},{"taxonomy":"post_tag","embeddable":true,"href":"https:\/\/www.originellefotogeschenke.de\/blog\/wp-json\/wp\/v2\/tags?post=1038"}],"curies":[{"name":"wp","href":"https:\/\/api.w.org\/{rel}","templated":true}]}}